{"id":22733,"date":"2018-01-26T12:17:22","date_gmt":"2018-01-26T15:17:22","guid":{"rendered":"http:\/\/actualidadadiario.com\/site\/?p=22733"},"modified":"2018-11-06T19:48:58","modified_gmt":"2018-11-06T22:48:58","slug":"el-gobernador-del-chubut-quiere-declarar-la-emergencia-economica-provincial","status":"publish","type":"post","link":"https:\/\/www.actualidadadiario.com\/index.php\/2018\/01\/26\/el-gobernador-del-chubut-quiere-declarar-la-emergencia-economica-provincial\/","title":{"rendered":"El gobernador del Chubut quiere declarar la emergencia econ\u00f3mica provincial"},"content":{"rendered":"<p><em><strong>Convocar\u00e1 a la Legislatura a sesi\u00f3n extraordinaria para tratar una ley que le permita renegociar vencimientos cercanos a los 120 millones de d\u00f3lares<\/strong><\/em><\/p>\n<p>&nbsp;<\/p>\n<p>&nbsp;<\/p>\n<p>&nbsp;<\/p>\n<p>El mandatario Mariano Arcioni anunci\u00f3 que convocar\u00e1 a sesi\u00f3n extraordinaria de la Legislatura chubutense para avanzar con el Pacto Fiscal, la Emergencia Econ\u00f3mica y una \u201crestructuraci\u00f3n de la deuda\u201d provincial.<\/p>\n<p>&nbsp;<\/p>\n<p>Aunque en principio se esperaba el anuncio de un nuevo endeudamiento para afrontar los vencimientos que tiene la provincia, el gobernador dijo que \u201cestamos pidiendo negociar bajo mejores condiciones una restructuraci\u00f3n de la deuda\u201d.<\/p>\n<p>&nbsp;<\/p>\n<p>\u201cSe habla que la provincia va a pedir un nuevo endeudamiento, y est\u00e1n totalmente equivocados\u2026 Se est\u00e1 pidiendo en realidad una restructuraci\u00f3n de deuda porque estamos pagando cerca del 9 por ciento y tenemos la posibilidad de pagar una tasa del 5 por ciento con tres a\u00f1os de gracia\u201d, precis\u00f3.<\/p>\n<p>&nbsp;<\/p>\n<p>La administraci\u00f3n provincial debe afrontar vencimientos por unos 120 millones de d\u00f3lares correspondientes a t\u00edtulos p\u00fablicos, y \u201clo que estamos pidiendo es que la Legislatura nos autorice a negociar, bajo mejores condiciones, una restructuraci\u00f3n\u201d, insisti\u00f3.<\/p>\n<p>&nbsp;<\/p>\n<p>Para ello Arcioni necesita la Ley de Emergencia Econ\u00f3mica, uno de cuyos art\u00edculos \u2013seg\u00fan el proyecto que debate la Legislatura\u2013 \u201cautoriza a la provincia a renegociar la deuda bajo mejores condiciones\u201d, dijo el mandatario seg\u00fan reproducen medios locales como El Patag\u00f3nico y El Diario de Madryn.<\/p>\n","protected":false},"excerpt":{"rendered":"<p>Convocar\u00e1 a la Legislatura a sesi\u00f3n extraordinaria para tratar una ley que le permita renegociar vencimientos cercanos a los 120 millones de d\u00f3lares &nbsp; &nbsp; &nbsp; El mandatario Mariano Arcioni anunci\u00f3 que convocar\u00e1 a sesi\u00f3n extraordinaria de la Legislatura chubutense para avanzar con el Pacto Fiscal, la Emergencia Econ\u00f3mica y una \u201crestructuraci\u00f3n de la deuda\u201d provincial. &nbsp; Aunque en principio se esperaba el anuncio de un nuevo endeudamiento para afrontar los vencimientos que tiene la provincia, el gobernador dijo que \u201cestamos pidiendo negociar bajo mejores condiciones una restructuraci\u00f3n de la&#8230;<\/p>\n","protected":false},"author":3,"featured_media":22734,"comment_status":"closed","ping_status":"closed","sticky":false,"template":"","format":"standard","meta":[],"categories":[9,2],"tags":[],"_links":{"self":[{"href":"https:\/\/www.actualidadadiario.com\/index.php\/wp-json\/wp\/v2\/posts\/22733"}],"collection":[{"href":"https:\/\/www.actualidadadiario.com\/index.php\/wp-json\/wp\/v2\/posts"}],"about":[{"href":"https:\/\/www.actualidadadiario.com\/index.php\/wp-json\/wp\/v2\/types\/post"}],"author":[{"embeddable":true,"href":"https:\/\/www.actualidadadiario.com\/index.php\/wp-json\/wp\/v2\/users\/3"}],"replies":[{"embeddable":true,"href":"https:\/\/www.actualidadadiario.com\/index.php\/wp-json\/wp\/v2\/comments?post=22733"}],"version-history":[{"count":1,"href":"https:\/\/www.actualidadadiario.com\/index.php\/wp-json\/wp\/v2\/posts\/22733\/revisions"}],"predecessor-version":[{"id":22735,"href":"https:\/\/www.actualidadadiario.com\/index.php\/wp-json\/wp\/v2\/posts\/22733\/revisions\/22735"}],"wp:featuredmedia":[{"embeddable":true,"href":"https:\/\/www.actualidadadiario.com\/index.php\/wp-json\/wp\/v2\/media\/22734"}],"wp:attachment":[{"href":"https:\/\/www.actualidadadiario.com\/index.php\/wp-json\/wp\/v2\/media?parent=22733"}],"wp:term":[{"taxonomy":"category","embeddable":true,"href":"https:\/\/www.actualidadadiario.com\/index.php\/wp-json\/wp\/v2\/categories?post=22733"},{"taxonomy":"post_tag","embeddable":true,"href":"https:\/\/www.actualidadadiario.com\/index.php\/wp-json\/wp\/v2\/tags?post=22733"}],"curies":[{"name":"wp","href":"https:\/\/api.w.org\/{rel}","templated":true}]}}