{"id":22730,"date":"2018-01-26T12:16:26","date_gmt":"2018-01-26T15:16:26","guid":{"rendered":"http:\/\/actualidadadiario.com\/site\/?p=22730"},"modified":"2018-11-06T19:52:10","modified_gmt":"2018-11-06T22:52:10","slug":"salta-frenan-el-salvaje-desmonte-y-tala-de-urtubey-y-el-primo-de-marcos-pena","status":"publish","type":"post","link":"https:\/\/www.actualidadadiario.com\/index.php\/2018\/01\/26\/salta-frenan-el-salvaje-desmonte-y-tala-de-urtubey-y-el-primo-de-marcos-pena\/","title":{"rendered":"Salta: frenan el salvaje desmonte y tala de Urtubey y el primo de Marcos Pe\u00f1a"},"content":{"rendered":"<p><em><strong>As\u00ed lo decidi\u00f3 el Ministerio de Ambiente y Desarrollo Sustentable de la Naci\u00f3n. Se inst\u00f3 adem\u00e1s a volver a plantar \u00e1rboles en las 40 mil hect\u00e1reas que hab\u00edan sido arrasadas<\/strong><\/em><\/p>\n<p>&nbsp;<\/p>\n<p>&nbsp;<\/p>\n<p>&nbsp;<\/p>\n<p>El Ministerio de Ambiente y Desarrollo Sustentable de la Naci\u00f3n oblig\u00f3 a la provincia de Salta conducida por Juan Manuel Urtubey, a suspender la tala de bosques y restaurar las 40 mil hect\u00e1reas ya desmontadas en la finca El Cuchuy, de General Ballivi\u00e1n, propiedad de Alejandro Braun Pe\u00f1a, primo del jefe de Gabineta Marcos Pe\u00f1a Braun.<\/p>\n<p>&nbsp;<\/p>\n<p>Sergio Bergman, titular del Ministerio de Ambiente y Desarrollo Sustentable de la Naci\u00f3n, firm\u00f3 la resoluci\u00f3n 56\/2018, para suspender las talas que hab\u00edan sido autorizadas por decretos provinciales firmados por autoridades salte\u00f1as.<\/p>\n<p>&nbsp;<\/p>\n<p>&#8220;Los desmontes son incompatibles con la ley 26.331 de Presupuestos M\u00ednimos de Protecci\u00f3n Ambiental de los Bosques Nativos y las disposiciones del Consejo Federal de Medio Ambiente (Cofema)&#8221;, destacaron en un comunicado.<\/p>\n<p>&nbsp;<\/p>\n<p>El Ministerio obliga a la provincia a restaurar &#8220;las m\u00e1s de 40.000 hect\u00e1reas desmontadas hasta el momento bajo esas autorizaciones&#8221; y prohibi\u00f3 &#8220;la emisi\u00f3n de certificados de exportaci\u00f3n de palo santo&#8221;, provenientes de esas \u00e1reas.<\/p>\n<p>&nbsp;<\/p>\n<p>&#8220;En su car\u00e1cter de Autoridad Nacional de Aplicaci\u00f3n de la Ley de Bosques Nativos, el Ministerio de Ambiente entiende que las autorizaciones otorgadas a trav\u00e9s de esos decretos modifican regresivamente y de manera relevante el ordenamiento territorial de la masa forestal, aprobado por la ley provincial 7.543&#8221;, agregaron.<\/p>\n<p>&nbsp;<\/p>\n<p>&#8220;De esas 80.000 hect\u00e1reas ya se hab\u00edan desmontado m\u00e1s de 40.000, y de ejecutarse las autorizaciones restantes se sumar\u00edan m\u00e1s de 33.000 de p\u00e9rdida de bosques de alto valor de conservaci\u00f3n, entre las que se cuentan las de la finca Cuchuy&#8221;, afirmaron desde el mencionado comunicado de prensa.<\/p>\n<p>&nbsp;<\/p>\n<p>El 10 de enero Greenpeace anunci\u00f3 que &#8220;la intervenci\u00f3n de sus activistas hab\u00eda logrado frenar las topadoras que desmontaban un \u00e1rea considerada reserva natural&#8221;, en referencia a la finca de Alejandro Braun Pe\u00f1a.<\/p>\n","protected":false},"excerpt":{"rendered":"<p>As\u00ed lo decidi\u00f3 el Ministerio de Ambiente y Desarrollo Sustentable de la Naci\u00f3n. Se inst\u00f3 adem\u00e1s a volver a plantar \u00e1rboles en las 40 mil hect\u00e1reas que hab\u00edan sido arrasadas &nbsp; &nbsp; &nbsp; El Ministerio de Ambiente y Desarrollo Sustentable de la Naci\u00f3n oblig\u00f3 a la provincia de Salta conducida por Juan Manuel Urtubey, a suspender la tala de bosques y restaurar las 40 mil hect\u00e1reas ya desmontadas en la finca El Cuchuy, de General Ballivi\u00e1n, propiedad de Alejandro Braun Pe\u00f1a, primo del jefe de Gabineta Marcos Pe\u00f1a Braun. &nbsp;&#8230;<\/p>\n","protected":false},"author":3,"featured_media":22731,"comment_status":"closed","ping_status":"closed","sticky":false,"template":"","format":"standard","meta":[],"categories":[2],"tags":[],"_links":{"self":[{"href":"https:\/\/www.actualidadadiario.com\/index.php\/wp-json\/wp\/v2\/posts\/22730"}],"collection":[{"href":"https:\/\/www.actualidadadiario.com\/index.php\/wp-json\/wp\/v2\/posts"}],"about":[{"href":"https:\/\/www.actualidadadiario.com\/index.php\/wp-json\/wp\/v2\/types\/post"}],"author":[{"embeddable":true,"href":"https:\/\/www.actualidadadiario.com\/index.php\/wp-json\/wp\/v2\/users\/3"}],"replies":[{"embeddable":true,"href":"https:\/\/www.actualidadadiario.com\/index.php\/wp-json\/wp\/v2\/comments?post=22730"}],"version-history":[{"count":1,"href":"https:\/\/www.actualidadadiario.com\/index.php\/wp-json\/wp\/v2\/posts\/22730\/revisions"}],"predecessor-version":[{"id":22732,"href":"https:\/\/www.actualidadadiario.com\/index.php\/wp-json\/wp\/v2\/posts\/22730\/revisions\/22732"}],"wp:featuredmedia":[{"embeddable":true,"href":"https:\/\/www.actualidadadiario.com\/index.php\/wp-json\/wp\/v2\/media\/22731"}],"wp:attachment":[{"href":"https:\/\/www.actualidadadiario.com\/index.php\/wp-json\/wp\/v2\/media?parent=22730"}],"wp:term":[{"taxonomy":"category","embeddable":true,"href":"https:\/\/www.actualidadadiario.com\/index.php\/wp-json\/wp\/v2\/categories?post=22730"},{"taxonomy":"post_tag","embeddable":true,"href":"https:\/\/www.actualidadadiario.com\/index.php\/wp-json\/wp\/v2\/tags?post=22730"}],"curies":[{"name":"wp","href":"https:\/\/api.w.org\/{rel}","templated":true}]}}