{"id":22724,"date":"2018-01-26T12:14:27","date_gmt":"2018-01-26T15:14:27","guid":{"rendered":"http:\/\/actualidadadiario.com\/site\/?p=22724"},"modified":"2018-11-06T19:50:17","modified_gmt":"2018-11-06T22:50:17","slug":"la-banda-de-la-policia-brillo-en-la-sexta-luna-de-cosquin","status":"publish","type":"post","link":"https:\/\/www.actualidadadiario.com\/index.php\/2018\/01\/26\/la-banda-de-la-policia-brillo-en-la-sexta-luna-de-cosquin\/","title":{"rendered":"La Banda de la Polic\u00eda brill\u00f3 en la sexta luna de Cosqu\u00edn"},"content":{"rendered":"<p><em><strong>Con la actuaci\u00f3n central en el segmento &#8220;Postales de Provincia&#8221;, dedicado a presentaciones de distintas regiones del pa\u00eds, el grupo musical entrerriano comenz\u00f3 a festejar sus 198 a\u00f1os<\/strong><\/em><\/p>\n<p>&nbsp;<\/p>\n<p>&nbsp;<\/p>\n<p>&nbsp;<\/p>\n<p>La Banda de M\u00fasica de la Polic\u00eda de Entre R\u00edos, la m\u00e1s antigua de la Argentina en actividad, comenz\u00f3 a festejar sus 198 a\u00f1os de existencia con la presentaci\u00f3n en el escenario Atahualpa Yupanqui. En la sexta luna cosco\u00edna, la banda interpret\u00f3 un repertorio compuesto de obras cl\u00e1sicas entrerrianas, junto a bailarines y cantores invitados.<\/p>\n<p>&nbsp;<\/p>\n<p>La presentaci\u00f3n, enmarcada en el segmento &#8220;Postales de Provincia&#8221;, comenz\u00f3 con la interpretaci\u00f3n de Una tierra diferente. Contin\u00fao al ritmo de la chamarrita con La lindera, por Nanis y Las Voces de Montiel. Sigui\u00f3 con El canoero, por Grupo Musical Isond\u00fa; Solar de los Cardenales, en las voces de Noelia Telagorri y Andrea Morel; y Coplas Felicianeras interpretada por Francisco Cuestas y Grupo Encuentro. El espect\u00e1culo cerr\u00f3 con la interpretaci\u00f3n de Soy entrerriano.<\/p>\n<p>&nbsp;<\/p>\n<p>La banda estuvo acompa\u00f1ada por Francisco Cuestas, Las Voces de Montiel, Los Chamarriteros, Grupo Musical Isond\u00fa, Noelia Telagorri y Andrea Morel, entre otros. Adem\u00e1s, participaron en forma conjunta 13 parejas de distintos Ballets estables de Entre R\u00edos con bailarines distinguidos de la provincia.<\/p>\n<p>&nbsp;<\/p>\n<p>Tambi\u00e9n estuvo presente &#8220;Alas de mi Patria&#8221;, que acompa\u00f1\u00f3 a la Banda de la Polic\u00eda. El ballet concordiense hab\u00eda competido en el pre Cosqu\u00edn pero no pudo llegar a la final. Daniel Bogado, el director, hab\u00eda confirmado que &#8220;hemos sido invitados a ser parte de la delegaci\u00f3n de Entre R\u00edos para estar en el escenario en la sexta luna&#8221;.<\/p>\n","protected":false},"excerpt":{"rendered":"<p>Con la actuaci\u00f3n central en el segmento &#8220;Postales de Provincia&#8221;, dedicado a presentaciones de distintas regiones del pa\u00eds, el grupo musical entrerriano comenz\u00f3 a festejar sus 198 a\u00f1os &nbsp; &nbsp; &nbsp; La Banda de M\u00fasica de la Polic\u00eda de Entre R\u00edos, la m\u00e1s antigua de la Argentina en actividad, comenz\u00f3 a festejar sus 198 a\u00f1os de existencia con la presentaci\u00f3n en el escenario Atahualpa Yupanqui. En la sexta luna cosco\u00edna, la banda interpret\u00f3 un repertorio compuesto de obras cl\u00e1sicas entrerrianas, junto a bailarines y cantores invitados. &nbsp; La presentaci\u00f3n, enmarcada&#8230;<\/p>\n","protected":false},"author":3,"featured_media":22725,"comment_status":"closed","ping_status":"closed","sticky":false,"template":"","format":"standard","meta":[],"categories":[15],"tags":[],"_links":{"self":[{"href":"https:\/\/www.actualidadadiario.com\/index.php\/wp-json\/wp\/v2\/posts\/22724"}],"collection":[{"href":"https:\/\/www.actualidadadiario.com\/index.php\/wp-json\/wp\/v2\/posts"}],"about":[{"href":"https:\/\/www.actualidadadiario.com\/index.php\/wp-json\/wp\/v2\/types\/post"}],"author":[{"embeddable":true,"href":"https:\/\/www.actualidadadiario.com\/index.php\/wp-json\/wp\/v2\/users\/3"}],"replies":[{"embeddable":true,"href":"https:\/\/www.actualidadadiario.com\/index.php\/wp-json\/wp\/v2\/comments?post=22724"}],"version-history":[{"count":1,"href":"https:\/\/www.actualidadadiario.com\/index.php\/wp-json\/wp\/v2\/posts\/22724\/revisions"}],"predecessor-version":[{"id":22726,"href":"https:\/\/www.actualidadadiario.com\/index.php\/wp-json\/wp\/v2\/posts\/22724\/revisions\/22726"}],"wp:featuredmedia":[{"embeddable":true,"href":"https:\/\/www.actualidadadiario.com\/index.php\/wp-json\/wp\/v2\/media\/22725"}],"wp:attachment":[{"href":"https:\/\/www.actualidadadiario.com\/index.php\/wp-json\/wp\/v2\/media?parent=22724"}],"wp:term":[{"taxonomy":"category","embeddable":true,"href":"https:\/\/www.actualidadadiario.com\/index.php\/wp-json\/wp\/v2\/categories?post=22724"},{"taxonomy":"post_tag","embeddable":true,"href":"https:\/\/www.actualidadadiario.com\/index.php\/wp-json\/wp\/v2\/tags?post=22724"}],"curies":[{"name":"wp","href":"https:\/\/api.w.org\/{rel}","templated":true}]}}