{"id":22721,"date":"2018-01-26T12:13:28","date_gmt":"2018-01-26T15:13:28","guid":{"rendered":"http:\/\/actualidadadiario.com\/site\/?p=22721"},"modified":"2018-11-06T19:47:16","modified_gmt":"2018-11-06T22:47:16","slug":"acompanar-al-presidente-en-davos-ha-sido-una-gran-oportunidad-dijo-bordet","status":"publish","type":"post","link":"https:\/\/www.actualidadadiario.com\/index.php\/2018\/01\/26\/acompanar-al-presidente-en-davos-ha-sido-una-gran-oportunidad-dijo-bordet\/","title":{"rendered":"&#8220;Acompa\u00f1ar al presidente en Davos ha sido una gran oportunidad&#8221;, dijo Bordet"},"content":{"rendered":"<p><em><strong>El gobernador Gustavo Bordet, asegur\u00f3 que haber acompa\u00f1ado al presidente Mauricio Macri en Davos, Suiza, fue &#8220;muy fruct\u00edfero&#8221;, ya que supuso interactuar y lograr acuerdos con empresas que tienen inversiones en la Argentina<\/strong><\/em><\/p>\n<p>&nbsp;<\/p>\n<p>&nbsp;<\/p>\n<p>&nbsp;<\/p>\n<p>&#8220;Argentina est\u00e1 plenamente integrada institucionalmente&#8221;, subray\u00f3 el gobernador de Entre R\u00edos, Gustavo Bordet, quien fue invitado a participar de la gira del Presidente a Rusia, Davos y finalmente Francia.<\/p>\n<p>&nbsp;<\/p>\n<p>&#8220;Resulta sorprendente que hayan venido aqu\u00ed el primer ministro de Holanda, la reina M\u00e1xima y otros l\u00edderes, as\u00ed como los directivos de las principales compa\u00f1\u00edas del mundo&#8221;, se\u00f1al\u00f3 refiri\u00e9ndose a las numerosas reuniones que mantuvo Macri en el marco de su participaci\u00f3n en el Foro Econ\u00f3mico Mundial.<\/p>\n<p>&nbsp;<\/p>\n<p>En ese sentido, Bordet destac\u00f3 que la visita a Davos no solo fue &#8220;una gran oportunidad desde lo pol\u00edtico, para proyectar la presidencia argentina del G20, sino tambi\u00e9n en lo econ\u00f3mico&#8221;.<\/p>\n<p>&nbsp;<\/p>\n<p>&#8220;Pudimos interactuar con empresas que tienen inversiones en Argentina, y para Entre R\u00edos esto ha sido muy importante&#8221;, ahond\u00f3.<\/p>\n<p>&nbsp;<\/p>\n<p>&#8220;Entre R\u00edos es una provincia agroalimentaria, y viajar a Rusia, destino del 60 % de nuestras exportaciones de c\u00edtricos y tener acuerdos con el CEO de Coca Cola, James Quincey, o de Pepsico, abre puertas&#8221;, dijo entusiasmado.<\/p>\n<p>&nbsp;<\/p>\n<p>Otro de los sectores claves para los entrerrianos en los que se avanz\u00f3 en la gira ha sido el portuario, concluy\u00f3 el gobernador, que tambi\u00e9n particip\u00f3 de la reuni\u00f3n con el presidente de Maersk, Jim Hagemann Snabe, quien mostr\u00f3 inter\u00e9s en participar de una futura licitaci\u00f3n para operar el Puerto de Ibicuy.<\/p>\n","protected":false},"excerpt":{"rendered":"<p>El gobernador Gustavo Bordet, asegur\u00f3 que haber acompa\u00f1ado al presidente Mauricio Macri en Davos, Suiza, fue &#8220;muy fruct\u00edfero&#8221;, ya que supuso interactuar y lograr acuerdos con empresas que tienen inversiones en la Argentina &nbsp; &nbsp; &nbsp; &#8220;Argentina est\u00e1 plenamente integrada institucionalmente&#8221;, subray\u00f3 el gobernador de Entre R\u00edos, Gustavo Bordet, quien fue invitado a participar de la gira del Presidente a Rusia, Davos y finalmente Francia. &nbsp; &#8220;Resulta sorprendente que hayan venido aqu\u00ed el primer ministro de Holanda, la reina M\u00e1xima y otros l\u00edderes, as\u00ed como los directivos de las principales&#8230;<\/p>\n","protected":false},"author":3,"featured_media":22722,"comment_status":"closed","ping_status":"closed","sticky":false,"template":"","format":"standard","meta":[],"categories":[15],"tags":[],"_links":{"self":[{"href":"https:\/\/www.actualidadadiario.com\/index.php\/wp-json\/wp\/v2\/posts\/22721"}],"collection":[{"href":"https:\/\/www.actualidadadiario.com\/index.php\/wp-json\/wp\/v2\/posts"}],"about":[{"href":"https:\/\/www.actualidadadiario.com\/index.php\/wp-json\/wp\/v2\/types\/post"}],"author":[{"embeddable":true,"href":"https:\/\/www.actualidadadiario.com\/index.php\/wp-json\/wp\/v2\/users\/3"}],"replies":[{"embeddable":true,"href":"https:\/\/www.actualidadadiario.com\/index.php\/wp-json\/wp\/v2\/comments?post=22721"}],"version-history":[{"count":1,"href":"https:\/\/www.actualidadadiario.com\/index.php\/wp-json\/wp\/v2\/posts\/22721\/revisions"}],"predecessor-version":[{"id":22723,"href":"https:\/\/www.actualidadadiario.com\/index.php\/wp-json\/wp\/v2\/posts\/22721\/revisions\/22723"}],"wp:featuredmedia":[{"embeddable":true,"href":"https:\/\/www.actualidadadiario.com\/index.php\/wp-json\/wp\/v2\/media\/22722"}],"wp:attachment":[{"href":"https:\/\/www.actualidadadiario.com\/index.php\/wp-json\/wp\/v2\/media?parent=22721"}],"wp:term":[{"taxonomy":"category","embeddable":true,"href":"https:\/\/www.actualidadadiario.com\/index.php\/wp-json\/wp\/v2\/categories?post=22721"},{"taxonomy":"post_tag","embeddable":true,"href":"https:\/\/www.actualidadadiario.com\/index.php\/wp-json\/wp\/v2\/tags?post=22721"}],"curies":[{"name":"wp","href":"https:\/\/api.w.org\/{rel}","templated":true}]}}