{"id":22718,"date":"2018-01-26T12:12:26","date_gmt":"2018-01-26T15:12:26","guid":{"rendered":"http:\/\/actualidadadiario.com\/site\/?p=22718"},"modified":"2018-11-06T19:48:14","modified_gmt":"2018-11-06T22:48:14","slug":"comenzaron-las-reuniones-de-paritaria-de-infraestructura-docente","status":"publish","type":"post","link":"https:\/\/www.actualidadadiario.com\/index.php\/2018\/01\/26\/comenzaron-las-reuniones-de-paritaria-de-infraestructura-docente\/","title":{"rendered":"Comenzaron las reuniones de paritaria de infraestructura docente"},"content":{"rendered":"<p><em><strong>En el marco de la pol\u00edtica del gobierno de trabajar en conjunto con los distintos sectores, se reuni\u00f3 la mesa paritaria de infraestructura docente. \u201cEs una decisi\u00f3n del gobernador Bordet continuar el trabajo de las comisiones paritarias para construir juntos\u201d, dijo Gast\u00f3n Etchepare, vocal del CGE<\/strong><\/em><\/p>\n<p>&nbsp;<\/p>\n<p>&nbsp;<\/p>\n<p>&nbsp;<\/p>\n<p>El funcionario del Consejo General de Educaci\u00f3n (CGE), precis\u00f3, que el encuentro de este jueves fue el primero que se hace en el a\u00f1o de la mesa de infraestructura, que est\u00e1 conformado por representante de los gremios docentes de la provincia y del ministerio de Planeamiento, de la Secretear\u00eda de Obras P\u00fablicas, de la Unidad Ejecutora Provincial (UEP) y el Consejo General de Educaci\u00f3n.<\/p>\n<p>&nbsp;<\/p>\n<p>Etchepare indic\u00f3 que este encuentro se enmarca en \u201cel dialogo que nos indica el gobernador Gustavo Bordet que tenemos que tener con las dem\u00e1s instituciones y la construcci\u00f3n colectiva\u201d.<\/p>\n<p>&nbsp;<\/p>\n<p>Detall\u00f3 que en la oportunidad se analiz\u00f3 la situaci\u00f3n de los edificios escolares, los trabajos de mantenimientos previos al inicio del ciclo lectivo, los trabajos que se desarrollan en el marco del programa Patio Limpio a trav\u00e9s del cual se realizan obras de desmalezado, limpieza de tanques y desinfecci\u00f3n.<\/p>\n<p>&nbsp;<\/p>\n<p>En la oportunidad, el ministerio de Planeamiento brind\u00f3 detalles del programa Vacaciones, por el cual tambi\u00e9n realizan reparaciones en las escuelas. Se\u00f1al\u00f3 que \u201clos gremios docentes nos traen sugerencias, consultas y a partir de esto se responder\u00e1, pero todo a trav\u00e9s de una mesa de di\u00e1logo y consenso que venimos trabajando desde el a\u00f1o pasado\u201d.<\/p>\n<p>&nbsp;<\/p>\n<p>Otros de los temas abordados fueron los planes de evacuaci\u00f3n, matafuegos y salidas de emergencia, entre otros temas. \u201cTodo en el marco de una mesa donde podemos intercambiar ideas y propuestas\u201d, puntualiz\u00f3.<\/p>\n<p>&nbsp;<\/p>\n<p>Etchepare record\u00f3 que desde que asumi\u00f3 el gobernador Bordet, \u201cla decisi\u00f3n fue sentarnos en la mesa de di\u00e1logo, para tratar cuestiones inherentes al sistema educativo y as\u00ed que seguiremos en esta l\u00ednea con la premisa de construir a trav\u00e9s del consenso\u201d. Agreg\u00f3 que \u201cestos son organismos democr\u00e1ticos donde todos participan, nos podemos escuchar y podemos construir juntos\u201d.<\/p>\n<p>&nbsp;<\/p>\n<p>El funcionario adelant\u00f3, que el objetivo para este a\u00f1o es reunirnos en todos los departamentos de la provincia para \u201cpoder interiorizarnos de las necesidades territoriales. Nuestra provincia es muy particular por su geograf\u00eda, donde tanto el norte como el sur tiene sus particularidades y la idea es poder recorrer y escuchar la situaci\u00f3n de cada localidad\u201d.<\/p>\n<p>&nbsp;<\/p>\n<p>Indic\u00f3 que se avanzar\u00e1 en un trabajo \u201carticulado desde el CGE a trav\u00e9s de los directores departamentales con los zonales de arquitectura, entonces la escuela eleva una necesidad, el director departamental en equipo con los zonales, lo elevan y ah\u00ed trabajando en equipo podemos dar respuesta\u201d.<\/p>\n","protected":false},"excerpt":{"rendered":"<p>En el marco de la pol\u00edtica del gobierno de trabajar en conjunto con los distintos sectores, se reuni\u00f3 la mesa paritaria de infraestructura docente. \u201cEs una decisi\u00f3n del gobernador Bordet continuar el trabajo de las comisiones paritarias para construir juntos\u201d, dijo Gast\u00f3n Etchepare, vocal del CGE &nbsp; &nbsp; &nbsp; El funcionario del Consejo General de Educaci\u00f3n (CGE), precis\u00f3, que el encuentro de este jueves fue el primero que se hace en el a\u00f1o de la mesa de infraestructura, que est\u00e1 conformado por representante de los gremios docentes de la provincia&#8230;<\/p>\n","protected":false},"author":3,"featured_media":22719,"comment_status":"closed","ping_status":"closed","sticky":false,"template":"","format":"standard","meta":[],"categories":[9,15],"tags":[],"_links":{"self":[{"href":"https:\/\/www.actualidadadiario.com\/index.php\/wp-json\/wp\/v2\/posts\/22718"}],"collection":[{"href":"https:\/\/www.actualidadadiario.com\/index.php\/wp-json\/wp\/v2\/posts"}],"about":[{"href":"https:\/\/www.actualidadadiario.com\/index.php\/wp-json\/wp\/v2\/types\/post"}],"author":[{"embeddable":true,"href":"https:\/\/www.actualidadadiario.com\/index.php\/wp-json\/wp\/v2\/users\/3"}],"replies":[{"embeddable":true,"href":"https:\/\/www.actualidadadiario.com\/index.php\/wp-json\/wp\/v2\/comments?post=22718"}],"version-history":[{"count":1,"href":"https:\/\/www.actualidadadiario.com\/index.php\/wp-json\/wp\/v2\/posts\/22718\/revisions"}],"predecessor-version":[{"id":22720,"href":"https:\/\/www.actualidadadiario.com\/index.php\/wp-json\/wp\/v2\/posts\/22718\/revisions\/22720"}],"wp:featuredmedia":[{"embeddable":true,"href":"https:\/\/www.actualidadadiario.com\/index.php\/wp-json\/wp\/v2\/media\/22719"}],"wp:attachment":[{"href":"https:\/\/www.actualidadadiario.com\/index.php\/wp-json\/wp\/v2\/media?parent=22718"}],"wp:term":[{"taxonomy":"category","embeddable":true,"href":"https:\/\/www.actualidadadiario.com\/index.php\/wp-json\/wp\/v2\/categories?post=22718"},{"taxonomy":"post_tag","embeddable":true,"href":"https:\/\/www.actualidadadiario.com\/index.php\/wp-json\/wp\/v2\/tags?post=22718"}],"curies":[{"name":"wp","href":"https:\/\/api.w.org\/{rel}","templated":true}]}}