{"id":22715,"date":"2018-01-26T12:11:32","date_gmt":"2018-01-26T15:11:32","guid":{"rendered":"http:\/\/actualidadadiario.com\/site\/?p=22715"},"modified":"2018-11-06T19:49:10","modified_gmt":"2018-11-06T22:49:10","slug":"el-gobierno-recibio-a-los-arroceros-y-avanzaron-en-un-acuerdo-sobre-la-tarifa-electrica","status":"publish","type":"post","link":"https:\/\/www.actualidadadiario.com\/index.php\/2018\/01\/26\/el-gobierno-recibio-a-los-arroceros-y-avanzaron-en-un-acuerdo-sobre-la-tarifa-electrica\/","title":{"rendered":"El gobierno recibi\u00f3 a los arroceros y avanzaron en un acuerdo sobre la tarifa el\u00e9ctrica"},"content":{"rendered":"<p><strong><em>Funcionarios provinciales recibieron a productores arroceros y acordaron cambios a la f\u00f3rmula con la que se calcula la tarifa el\u00e9ctrica para el sector. Adem\u00e1s analizaron el impacto de la falta de lluvias en esta temporada estival. La semana pr\u00f3xima el gobernador cerrar\u00e1 los t\u00e9rminos del acuerdo<\/em><\/strong><\/p>\n<p>&nbsp;<\/p>\n<p>&nbsp;<\/p>\n<p>&nbsp;<\/p>\n<p>Funcionarios de la provincia recibieron a productores arroceros y acordaron introducir cambios a la formula con la que se calcula la tarifa el\u00e9ctrica para el sector. Adem\u00e1s analizaron el impacto que la falta de lluvias tuvo en esta temporada estival. La semana que viene el gobernador cerrar\u00e1 los t\u00e9rminos del acuerdo.<\/p>\n<p>&nbsp;<\/p>\n<p>La reuni\u00f3n se produjo en el marco de la decisi\u00f3n del gobernador Gustavo Bordet de diferir los vencimientos de pago de las facturas actuales y de instrumentar un sistema que mejore las condiciones de facturaci\u00f3n de dicho sector. Recibieron a los productores el ministro de Econom\u00eda, Hugo Ballay, el presidente de Enersa, Jorge Gonz\u00e1lez y el secretario de Producci\u00f3n, \u00c1lvaro Gab\u00e1s.<\/p>\n<p>&nbsp;<\/p>\n<p>\u201cFue una muy buena la reuni\u00f3n, realmente positiva\u201d, sostuvo al finalizar el encuentro el presidente de la Fundaci\u00f3n Proarroz, Hugo Muller y destac\u00f3 el acuerdo en torno a \u201cuna propuesta concreta del gobierno de la provincia, a trav\u00e9s de la empresa de energ\u00eda, que da una soluci\u00f3n importante, un alivio a una econom\u00eda regional que est\u00e1 en dificultades\u201d.<\/p>\n<p>&nbsp;<\/p>\n<p>\u201cValoramos que nunca perdimos el di\u00e1logo y, por otra parte, que hemos logrado un aporte importante para que la cadena no siga deterior\u00e1ndose\u201d, indic\u00f3 Muller.<\/p>\n<p>&nbsp;<\/p>\n<p>En el mismo sentido, el ministro de Econom\u00eda, Hugo Ballay, valor\u00f3 que \u201cla reuni\u00f3n fue altamente positiva\u201d, y que adelant\u00f3 que \u201cllegamos a un acuerdo importante que seguramente se va a plasmar la semana que viene con la presencia del se\u00f1or gobernador\u201d.<\/p>\n<p>&nbsp;<\/p>\n<p>Adem\u00e1s, enmarc\u00f3 el encuentro en \u201cel pedido del gobernador Gustavo Bordet de que siempre debemos apostar al di\u00e1logo con todos los sectores y as\u00ed lo hacemos desde el primer d\u00eda de gesti\u00f3n\u201d.<\/p>\n<p>&nbsp;<\/p>\n<p>&nbsp;<\/p>\n<p><strong>Nuevo c\u00e1lculo<\/strong><\/p>\n<p>Todos los a\u00f1os se acuerda con el sector arrocero una tarifa especial que presupone una cierta cantidad de horas de riego para la campa\u00f1a. \u201cEste a\u00f1o, al ser extraordinaria la cantidad de energ\u00eda utilizada, es necesario modificar las condiciones de ese acuerdo para ajustarlo a la cantidad de horas reales de riego\u201d, explic\u00f3 Gonz\u00e1lez.<\/p>\n<p>&nbsp;<\/p>\n<p>Sin embargo, \u201ccuando hicimos el an\u00e1lisis correspondiente, comprobamos que si bien esta f\u00f3rmula dio resultado antes, hoy no era viable para los productores\u201d, continu\u00f3 el titular de Enersa, y sostuvo que \u201cpor este motivo se realiz\u00f3 un nuevo c\u00e1lculo a trav\u00e9s de una medici\u00f3n efectuada en los pozos arroceros, que hoy nos arroja un estimado de 1550 horas de riego\u201d.<\/p>\n<p>&nbsp;<\/p>\n<p>En base a los datos relevados, que componen parte de la realidad productiva de esta temporada estival, desde la provincia se realiz\u00f3 una propuesta mejoradora. \u201cLos representantes del sector acordaron aplicar esa nueva metodolog\u00eda de c\u00e1lculo que va a traer una reducci\u00f3n importante en el costo de la energ\u00eda\u201d, se\u00f1al\u00f3 Gonz\u00e1lez.<\/p>\n<p>&nbsp;<\/p>\n<p>En ese marco, el senador por San Salvador, Lucas Larrarte record\u00f3 que el arrocero es \u201cuno de los sectores m\u00e1s representativos de nuestro departamento y de nuestra ciudad, ya que le permite a los salvadore\u00f1os un medio de vida\u201d, y destac\u00f3 que el acuerdo alcanzado \u201cpara nosotros es muy importante\u201d.<\/p>\n<p>&nbsp;<\/p>\n<p>En esa l\u00ednea, el legislador departamental explic\u00f3 que los arroceros \u201cson productores que invierten sus recursos en la ciudad y que toman trabajadores de la ciudad. Para nosotros es muy importante que puedan tener costos de producci\u00f3n que les permitan seguir desempe\u00f1ando su actividad y proveer de materia prima a la gran capacidad industrial que tenemos en San Salvador\u201d.<\/p>\n<p>&nbsp;<\/p>\n<p>&nbsp;<\/p>\n<p><strong>Factores que inciden en el precio final de la factura<\/strong><\/p>\n<p>Durante el encuentro, el secretario de Energ\u00eda y presidente de Enersa, Jorge Gonz\u00e1lez, tambi\u00e9n explic\u00f3 que \u201cexisten varios factores que juegan un papel muy importante a la hora de determinar un proceso de facturaci\u00f3n\u201d y que \u201cson elementos que hay que considerar para que la informaci\u00f3n no salga sesgada y se comprenda que estamos en un sistema el\u00e9ctrico integrado donde interact\u00faan realidades provinciales y nacionales\u201d.<\/p>\n<p>&nbsp;<\/p>\n<p>En ese sentido, durante la reuni\u00f3n se brind\u00f3 detalles sobre el sistema, y se explic\u00f3 que uno de estos factores es el hecho de que en los sistemas de riego en Entre R\u00edos se utiliza 1,79 hp por hect\u00e1rea. Esto significa que se consume 2,6 veces m\u00e1s de potencia por hect\u00e1rea que, por ejemplo, Corrientes, y 3,7 m\u00e1s que Santa Fe. Asimismo, en nuestra Provincia se obtiene el agua de riego de pozos de 80 a 100 metros de profundidad, en contraposici\u00f3n con Santa Fe o Corrientes que la obtienen por represas, lo que hace una diferencia sustancial en el consumo.<\/p>\n<p>&nbsp;<\/p>\n<p>El funcionario adem\u00e1s aclar\u00f3 que este verano es muy seco y demanda casi un 40 por ciento m\u00e1s de horas de riego comparado con la temporada estival anterior. Lo que tambi\u00e9n supone un consecuente incremento de las facturas.<\/p>\n<p>&nbsp;<\/p>\n<p>Asimismo, dej\u00f3 en claro que hay que considerar las variaciones en el precio mayorista. En diciembre de 2016, para estos usuarios el precio era de 320 pesos el MWh; en diciembre de 2017 fue de 840 pesos el MWh, registrando un incremento del 163 por ciento. Si se toma el hist\u00f3rico acumulado desde enero de 2016 a diciembre de 2017, el precio mayorista se increment\u00f3 en un 700 por ciento y volver\u00e1 a actualizarse durante el pr\u00f3ximo mes de febrero.<\/p>\n<p>&nbsp;<\/p>\n<p>Finalmente, Gonz\u00e1lez record\u00f3 que \u201chay provincias que todav\u00eda no han aplicado estas variaciones en el precio mayorista porque tienen reclamos en sede judicial y que, cuando estos reclamos se destraben, tambi\u00e9n impactar\u00e1n en el precio final de sus facturas\u201d.<\/p>\n<p>&nbsp;<\/p>\n<p>Participaron adem\u00e1s de la reuni\u00f3n el asesor Legal de la secretar\u00eda de Energ\u00eda, Tom\u00e1s V\u00edrgala, el representante de la Cooperativa Arrocera de San Salvador, Luis Marcogiuseppe, y el titular de la filial San Salvador de la Federaci\u00f3n Agraria, C\u00e9sar Vill\u00f3n, junto a gerentes y personal t\u00e9cnico de Enersa.<\/p>\n","protected":false},"excerpt":{"rendered":"<p>Funcionarios provinciales recibieron a productores arroceros y acordaron cambios a la f\u00f3rmula con la que se calcula la tarifa el\u00e9ctrica para el sector. Adem\u00e1s analizaron el impacto de la falta de lluvias en esta temporada estival. La semana pr\u00f3xima el gobernador cerrar\u00e1 los t\u00e9rminos del acuerdo &nbsp; &nbsp; &nbsp; Funcionarios de la provincia recibieron a productores arroceros y acordaron introducir cambios a la formula con la que se calcula la tarifa el\u00e9ctrica para el sector. Adem\u00e1s analizaron el impacto que la falta de lluvias tuvo en esta temporada estival. La&#8230;<\/p>\n","protected":false},"author":3,"featured_media":22716,"comment_status":"closed","ping_status":"closed","sticky":false,"template":"","format":"standard","meta":[],"categories":[15],"tags":[],"_links":{"self":[{"href":"https:\/\/www.actualidadadiario.com\/index.php\/wp-json\/wp\/v2\/posts\/22715"}],"collection":[{"href":"https:\/\/www.actualidadadiario.com\/index.php\/wp-json\/wp\/v2\/posts"}],"about":[{"href":"https:\/\/www.actualidadadiario.com\/index.php\/wp-json\/wp\/v2\/types\/post"}],"author":[{"embeddable":true,"href":"https:\/\/www.actualidadadiario.com\/index.php\/wp-json\/wp\/v2\/users\/3"}],"replies":[{"embeddable":true,"href":"https:\/\/www.actualidadadiario.com\/index.php\/wp-json\/wp\/v2\/comments?post=22715"}],"version-history":[{"count":1,"href":"https:\/\/www.actualidadadiario.com\/index.php\/wp-json\/wp\/v2\/posts\/22715\/revisions"}],"predecessor-version":[{"id":22717,"href":"https:\/\/www.actualidadadiario.com\/index.php\/wp-json\/wp\/v2\/posts\/22715\/revisions\/22717"}],"wp:featuredmedia":[{"embeddable":true,"href":"https:\/\/www.actualidadadiario.com\/index.php\/wp-json\/wp\/v2\/media\/22716"}],"wp:attachment":[{"href":"https:\/\/www.actualidadadiario.com\/index.php\/wp-json\/wp\/v2\/media?parent=22715"}],"wp:term":[{"taxonomy":"category","embeddable":true,"href":"https:\/\/www.actualidadadiario.com\/index.php\/wp-json\/wp\/v2\/categories?post=22715"},{"taxonomy":"post_tag","embeddable":true,"href":"https:\/\/www.actualidadadiario.com\/index.php\/wp-json\/wp\/v2\/tags?post=22715"}],"curies":[{"name":"wp","href":"https:\/\/api.w.org\/{rel}","templated":true}]}}