{"id":22712,"date":"2018-01-26T12:10:17","date_gmt":"2018-01-26T15:10:17","guid":{"rendered":"http:\/\/actualidadadiario.com\/site\/?p=22712"},"modified":"2018-11-06T19:52:47","modified_gmt":"2018-11-06T22:52:47","slug":"velazquez-trato-la-politica-sanitaria-con-los-diputados-zavallo-y-lara","status":"publish","type":"post","link":"https:\/\/www.actualidadadiario.com\/index.php\/2018\/01\/26\/velazquez-trato-la-politica-sanitaria-con-los-diputados-zavallo-y-lara\/","title":{"rendered":"Vel\u00e1zquez trat\u00f3 la pol\u00edtica sanitaria con los diputados Zavallo y Lara"},"content":{"rendered":"<p><em><strong>Infraestructura hospitalaria, recursos, partida presupuestaria, equipamiento y red de traslado, fueron algunos de los temas tratados en la reuni\u00f3n que mantuvo la ministra de Salud de Entre R\u00edos, Sonia Vel\u00e1zquez, con los diputados provinciales Gustavo Zavallo y Diego Lara<\/strong><\/em><\/p>\n<p>&nbsp;<\/p>\n<p>&nbsp;<\/p>\n<p>&nbsp;<\/p>\n<p>Con la premisa de optimizar los servicios sanitarios fundamentalmente en Paran\u00e1 Campa\u00f1a, y atender a las demandas que surgen desde cada hospital, la ministra de Salud, Sonia Vel\u00e1zquez, se reuni\u00f3 con los diputados provinciales por el Frente Justicialista Somos Entre R\u00edos, Gustavo Zavallo y Diego Lara.<\/p>\n<p>&nbsp;<\/p>\n<p>En la ocasi\u00f3n, se puntualiz\u00f3 en la necesidad de tratar diversos temas para los hospitales Castilla Mira, de Viale, y Francisco Castaldo, de Mar\u00eda Grande, en el marco de la red hospitalaria de Paran\u00e1 Campa\u00f1a.<\/p>\n<p>&nbsp;<\/p>\n<p>En el caso del efector vialense, la solicitud por parte del diputado Zavallo fue la de dar prioridad a la incorporaci\u00f3n de una nueva ambulancia y mejorar el estado edilicio del lugar, dotando adem\u00e1s de nueva aparatolog\u00eda. En tanto, por parte del establecimiento sanitario de Mar\u00eda Grande, se est\u00e1 avanzando en la inauguraci\u00f3n de un nuevo laboratorio de an\u00e1lisis cl\u00ednicos.<\/p>\n<p>&nbsp;<\/p>\n<p>Por su parte, la ministra de Salud, destac\u00f3: \u201cLos entrerrianos nos merecemos un sistema sanitario \u00f3ptimo y estamos trabajando en conjunto para poder dar mayor respuesta. A los diputados les ped\u00ed que nos acompa\u00f1en en proyectos futuros como la implementaci\u00f3n del Plan Federal de Salud\u201d.<\/p>\n<p>&nbsp;<\/p>\n<p>En cuanto a la red de traslado, la funcionaria asegur\u00f3: \u201cEstamos poniendo \u00e9nfasis en un sistema de emergencias que pueda dar respuestas a toda una red provincial. Vamos a hacer una reestructuraci\u00f3n con las ambulancias, porque este 2018 queremos dejar la red de traslados en \u00f3ptimas condiciones lo que nos permitir\u00e1 incluso ampliar la respuesta ante la accidentolog\u00eda vial. Ya estamos en el tramo final de la adquisici\u00f3n de 20 m\u00f3viles totalmente equipados\u201d.<\/p>\n<p>&nbsp;<\/p>\n<p>\u201cTodos debemos acompa\u00f1ar el proceso de recupero y puesta en valor de los hospitales, pero esta instancia tiene que estar liderada por los directores que son quienes conocen cu\u00e1les son las necesidades m\u00e1s urgentes y c\u00f3mo gestionar las soluciones, porque consideramos que a mayor crisis, mayor fortalecimiento y organizaci\u00f3n\u201d, afirm\u00f3 Vel\u00e1zquez.<\/p>\n<p>&nbsp;<\/p>\n<p>&nbsp;<\/p>\n<p><strong>Para mejorar la atenci\u00f3n<\/strong><\/p>\n<p>El diputado Gustavo Zavallo, resalt\u00f3 la importancia de poder generar instancias de di\u00e1logo para poder mejorar la atenci\u00f3n sanitaria. \u201cTratamos tambi\u00e9n temas provinciales y que est\u00e1n en debate legislativo, que tienen implicancia en el \u00e1rea de salud como el caso de los proyectos de Ley de Narcomenudeo, y de la Ley Fitosanitaria (agroqu\u00edmicos). La ministra tiene un involucramiento pleno en estas cuestiones que son parte de nuestra agenda, y podemos acercarle nuestros pedidos para trabajar juntos\u201d, se\u00f1al\u00f3.<\/p>\n<p>&nbsp;<\/p>\n<p>Adem\u00e1s, el legislador hizo referencia al crecimiento demogr\u00e1fico que ha tenido Viale. \u201cHace 30 a\u00f1os hab\u00eda la mitad de poblaci\u00f3n, y adem\u00e1s del hospital p\u00fablico tambi\u00e9n atend\u00edan tres cl\u00ednicas privadas. Hoy s\u00f3lo queda una, y entre el hospital y el centro de salud se contiene una gran demanda. Por eso creemos que es importante fortalecer el Castilla Mira para brindar una mejor atenci\u00f3n\u201d, remarc\u00f3.<\/p>\n<p>&nbsp;<\/p>\n<p>\u201cLe solicit\u00e9 a la ministra que analice la posibilidad de sumar una nueva ambulancia para el hospital, ya que es una prioridad y necesidad, como as\u00ed tambi\u00e9n que le prestemos m\u00e1s atenci\u00f3n al estado edilicio. Hay un nuevo director, un nuevo impulso, y vamos a estar buscando respuestas a las demandas que nos hace la sociedad vialense\u201d, expres\u00f3 Zavallo.<\/p>\n<p>&nbsp;<\/p>\n<p>Por su parte, el diputado Diego Lara, asegur\u00f3: \u201cEstamos muy conformes por la predisposici\u00f3n de la ministra. Desde el hospital Dr. Francisco Castaldo, de Mar\u00eda Grande, se hizo una gran apuesta con una fuerte inversi\u00f3n del Estado provincial, en el Laboratorio de An\u00e1lisis Cl\u00ednicos, el cual estamos pr\u00f3ximos a inaugurar. Este sector formar\u00e1 parte de una red que articular\u00e1 con otras localidades y con los centros de salud del primer nivel de atenci\u00f3n\u201d, detall\u00f3.<\/p>\n<p>&nbsp;<\/p>\n<p>A mediados de febrero se concretar\u00eda una visita a Mar\u00eda Grande por parte de las m\u00e1ximas autoridades del gobierno.<\/p>\n<p>&nbsp;<\/p>\n<p>\u201cAsimismo, le comentamos a la ministra que Mar\u00eda Grande ha crecido mucho y aumentaron la cantidad de atenciones en el hospital. Se reciben pacientes de la zona, de distintas juntas de gobierno, por lo que necesitamos un mejor sistema de emergencias y una optimizaci\u00f3n de los servicios\u201d, dijo finalmente Lara.<\/p>\n<p>&nbsp;<\/p>\n<p>En el encuentro tambi\u00e9n estuvieron presentes la directora General de Hospitales, Karina Mu\u00f1oz; y el integrante de la Cooperativa Hogar de Ancianos del hospital Castilla Mira de Viale, Jorge Haller.<\/p>\n<p>&nbsp;<\/p>\n<p>Cabe recordar que Vel\u00e1zquez ya mantuvo reuniones de trabajo con la senadora nacional Sigrid Kunath (FPV-PJ); los senadores provinciales \u00c1ngel Giano (FPV-Concordia); Lucas Larrarte (FPV \u2013 San Salvador); Raymundo Kisser (Cambiemos-Paran\u00e1); Aldo Ballestena (FPV \u2013 La Paz); Pablo Canali (FPV \u2013 Col\u00f3n); Nancy Miranda (FPV \u2013 Federal); Miriam Espinoza (FPV \u2013 Feliciano); Mario Torres (FPV \u2013 Villaguay), Daniel Olano (FPV \u2013 Islas del Ibicuy) y H\u00e9ctor Blanco (Justicialistas Todos por Tala &#8211; Tala) . Tambi\u00e9n recibi\u00f3 a la ministra de Gobierno Rosario Romero cuando fue legisladora y a los diputados provinciales Juan Reynaldo Navarro (FJSER \u2013 Tala), Alberto Rotman (Cambiemos \u2013 Concordia); Miriam Lambert (FPV \u2013 Col\u00f3n); Daniel Koch (UNA\/Frente Renovador \u2013 Nogoy\u00e1); Juan Jos\u00e9 Bahillo (FJSER \u2013 Gualeguaych\u00fa); Silvio Valenzuela (FJSER \u2013 Basavilbaso); \u00c1ngel V\u00e1zquez (FJSER \u2013 San Benito); Carmen Toller (FJSER \u2013 Villa Paranacito); Gustavo Osuna (FJSER \u2013 Paran\u00e1) y Gabriela Lena (Cambiemos \u2013 Chajar\u00ed).<\/p>\n","protected":false},"excerpt":{"rendered":"<p>Infraestructura hospitalaria, recursos, partida presupuestaria, equipamiento y red de traslado, fueron algunos de los temas tratados en la reuni\u00f3n que mantuvo la ministra de Salud de Entre R\u00edos, Sonia Vel\u00e1zquez, con los diputados provinciales Gustavo Zavallo y Diego Lara &nbsp; &nbsp; &nbsp; Con la premisa de optimizar los servicios sanitarios fundamentalmente en Paran\u00e1 Campa\u00f1a, y atender a las demandas que surgen desde cada hospital, la ministra de Salud, Sonia Vel\u00e1zquez, se reuni\u00f3 con los diputados provinciales por el Frente Justicialista Somos Entre R\u00edos, Gustavo Zavallo y Diego Lara. &nbsp; En&#8230;<\/p>\n","protected":false},"author":3,"featured_media":22713,"comment_status":"closed","ping_status":"closed","sticky":false,"template":"","format":"standard","meta":[],"categories":[15],"tags":[],"_links":{"self":[{"href":"https:\/\/www.actualidadadiario.com\/index.php\/wp-json\/wp\/v2\/posts\/22712"}],"collection":[{"href":"https:\/\/www.actualidadadiario.com\/index.php\/wp-json\/wp\/v2\/posts"}],"about":[{"href":"https:\/\/www.actualidadadiario.com\/index.php\/wp-json\/wp\/v2\/types\/post"}],"author":[{"embeddable":true,"href":"https:\/\/www.actualidadadiario.com\/index.php\/wp-json\/wp\/v2\/users\/3"}],"replies":[{"embeddable":true,"href":"https:\/\/www.actualidadadiario.com\/index.php\/wp-json\/wp\/v2\/comments?post=22712"}],"version-history":[{"count":1,"href":"https:\/\/www.actualidadadiario.com\/index.php\/wp-json\/wp\/v2\/posts\/22712\/revisions"}],"predecessor-version":[{"id":22714,"href":"https:\/\/www.actualidadadiario.com\/index.php\/wp-json\/wp\/v2\/posts\/22712\/revisions\/22714"}],"wp:featuredmedia":[{"embeddable":true,"href":"https:\/\/www.actualidadadiario.com\/index.php\/wp-json\/wp\/v2\/media\/22713"}],"wp:attachment":[{"href":"https:\/\/www.actualidadadiario.com\/index.php\/wp-json\/wp\/v2\/media?parent=22712"}],"wp:term":[{"taxonomy":"category","embeddable":true,"href":"https:\/\/www.actualidadadiario.com\/index.php\/wp-json\/wp\/v2\/categories?post=22712"},{"taxonomy":"post_tag","embeddable":true,"href":"https:\/\/www.actualidadadiario.com\/index.php\/wp-json\/wp\/v2\/tags?post=22712"}],"curies":[{"name":"wp","href":"https:\/\/api.w.org\/{rel}","templated":true}]}}