{"id":22706,"date":"2018-01-25T12:14:44","date_gmt":"2018-01-25T15:14:44","guid":{"rendered":"http:\/\/actualidadadiario.com\/site\/?p=22706"},"modified":"2018-11-06T19:50:12","modified_gmt":"2018-11-06T22:50:12","slug":"juez-de-la-corte-brasilena-alerta-que-la-detencion-de-lula-incendiaria-el-pais","status":"publish","type":"post","link":"https:\/\/www.actualidadadiario.com\/index.php\/2018\/01\/25\/juez-de-la-corte-brasilena-alerta-que-la-detencion-de-lula-incendiaria-el-pais\/","title":{"rendered":"Juez de la Corte brasile\u00f1a alerta que la detenci\u00f3n de Lula &#8220;incendiar\u00eda el pa\u00eds&#8221;"},"content":{"rendered":"<p><em><strong>Uno de los jueces de la corte suprema de Brasil, Marco Aurelio Mello, afirm\u00f3 que la posible detenci\u00f3n del ex presidente y l\u00edder opositor Luiz In\u00e1cio Lula da Silva puede &#8220;incendiar el pa\u00eds&#8221;<\/strong><\/em><\/p>\n<p>&nbsp;<\/p>\n<p>&nbsp;<\/p>\n<p>&nbsp;<\/p>\n<p>&nbsp;<\/p>\n<p>&#8220;Yo dudo que se haga esto porque no corresponde al orden jur\u00eddico constitucional. Y, en segundo lugar, en el pico de una crisis, un acto como este puede incendiar el pa\u00eds&#8221;, dijo Mello, del Supremo Tribunal Federal, m\u00e1xima corte de Brasil.<\/p>\n<p>&nbsp;<\/p>\n<p>El Tribunal Federal Regional 4 de Porto Alegre ratific\u00f3 la condena por corrupci\u00f3n de Lula en la Operaci\u00f3n Lava Jato y dict\u00f3 una orden de detenci\u00f3n una vez que se terminen los recursos en la segunda instancia, algo que puede ocurrir en hasta dos meses.<\/p>\n<p>&nbsp;<\/p>\n<p>El ministro Mello dijo que en su opini\u00f3n no es posible detener a Lula sin tener el caso juzgado por las tres instancias, tal como marca la Constituci\u00f3n.<\/p>\n<p>&nbsp;<\/p>\n<p>Ocurre que en 2016 el propio Superior Tribunal Federal abri\u00f3 la excepci\u00f3n de ejecutar la condena a prisi\u00f3n despu\u00e9s del fallo de las c\u00e1maras de apelaciones de segunda instancia, herramienta usada contra Lula por el tribunal que revisa las condenas de la Operaci\u00f3n Lava Jato.<\/p>\n<p>&nbsp;<\/p>\n<p>&#8220;Esa jurisprudencia no encuentra base en la Constituci\u00f3n Federal y tiene que ser revisada. Por eso no puede ir preso&#8221;, agreg\u00f3, en declaraciones a la agencia Estado.<\/p>\n<p>&nbsp;<\/p>\n<p>En aquella votaci\u00f3n, Mello perdi\u00f3 6 a 5 sobre la detenci\u00f3n en segunda instancia.<\/p>\n<p>&nbsp;<\/p>\n<p>&#8220;Es mejor volver a decidir lo antes posible. La detenci\u00f3n sin pena confirmada es lo que viene ocurriendo en general con el ciudadano com\u00fan pero quiero una prueba de esa jurisprudencia en caso de que determinen la prisi\u00f3n del ex presidente&#8221;, dijo el ministro.<\/p>\n","protected":false},"excerpt":{"rendered":"<p>Uno de los jueces de la corte suprema de Brasil, Marco Aurelio Mello, afirm\u00f3 que la posible detenci\u00f3n del ex presidente y l\u00edder opositor Luiz In\u00e1cio Lula da Silva puede &#8220;incendiar el pa\u00eds&#8221; &nbsp; &nbsp; &nbsp; &nbsp; &#8220;Yo dudo que se haga esto porque no corresponde al orden jur\u00eddico constitucional. Y, en segundo lugar, en el pico de una crisis, un acto como este puede incendiar el pa\u00eds&#8221;, dijo Mello, del Supremo Tribunal Federal, m\u00e1xima corte de Brasil. &nbsp; El Tribunal Federal Regional 4 de Porto Alegre ratific\u00f3 la condena&#8230;<\/p>\n","protected":false},"author":3,"featured_media":22707,"comment_status":"closed","ping_status":"closed","sticky":false,"template":"","format":"standard","meta":[],"categories":[4],"tags":[],"_links":{"self":[{"href":"https:\/\/www.actualidadadiario.com\/index.php\/wp-json\/wp\/v2\/posts\/22706"}],"collection":[{"href":"https:\/\/www.actualidadadiario.com\/index.php\/wp-json\/wp\/v2\/posts"}],"about":[{"href":"https:\/\/www.actualidadadiario.com\/index.php\/wp-json\/wp\/v2\/types\/post"}],"author":[{"embeddable":true,"href":"https:\/\/www.actualidadadiario.com\/index.php\/wp-json\/wp\/v2\/users\/3"}],"replies":[{"embeddable":true,"href":"https:\/\/www.actualidadadiario.com\/index.php\/wp-json\/wp\/v2\/comments?post=22706"}],"version-history":[{"count":1,"href":"https:\/\/www.actualidadadiario.com\/index.php\/wp-json\/wp\/v2\/posts\/22706\/revisions"}],"predecessor-version":[{"id":22708,"href":"https:\/\/www.actualidadadiario.com\/index.php\/wp-json\/wp\/v2\/posts\/22706\/revisions\/22708"}],"wp:featuredmedia":[{"embeddable":true,"href":"https:\/\/www.actualidadadiario.com\/index.php\/wp-json\/wp\/v2\/media\/22707"}],"wp:attachment":[{"href":"https:\/\/www.actualidadadiario.com\/index.php\/wp-json\/wp\/v2\/media?parent=22706"}],"wp:term":[{"taxonomy":"category","embeddable":true,"href":"https:\/\/www.actualidadadiario.com\/index.php\/wp-json\/wp\/v2\/categories?post=22706"},{"taxonomy":"post_tag","embeddable":true,"href":"https:\/\/www.actualidadadiario.com\/index.php\/wp-json\/wp\/v2\/tags?post=22706"}],"curies":[{"name":"wp","href":"https:\/\/api.w.org\/{rel}","templated":true}]}}