{"id":22703,"date":"2018-01-25T12:13:10","date_gmt":"2018-01-25T15:13:10","guid":{"rendered":"http:\/\/actualidadadiario.com\/site\/?p=22703"},"modified":"2018-11-06T19:51:02","modified_gmt":"2018-11-06T22:51:02","slug":"lula-tras-la-ratificacion-de-la-condena-vamos-a-gobernar-de-nuevo-vamos-a-volver","status":"publish","type":"post","link":"https:\/\/www.actualidadadiario.com\/index.php\/2018\/01\/25\/lula-tras-la-ratificacion-de-la-condena-vamos-a-gobernar-de-nuevo-vamos-a-volver\/","title":{"rendered":"Lula tras la ratificaci\u00f3n de la condena: &#8220;Vamos a gobernar de nuevo; vamos a volver&#8221;"},"content":{"rendered":"<p><em><strong>Luego de que un tribunal de apelaciones de Porto Alegre confirmara y aumentara- de 9 a 12 a\u00f1os- la condena por corrupci\u00f3n que recibi\u00f3 en primera instancia Lula da Silva, \u00e9ste destac\u00f3 que su intenci\u00f3n es volver a gobernar Brasil<\/strong><\/em><\/p>\n<p>&nbsp;<\/p>\n<p>&nbsp;<\/p>\n<p>&nbsp;<\/p>\n<p>En un juicio hist\u00f3rico, el Tribunal Regional Federal de Porto Alegre ratific\u00f3 por unanimidad la sentencia contra Luiz In\u00e1cio Lula Da Silva, el expresidente m\u00e1s popular de Brasil y el candidato m\u00e1s fuerte para las pr\u00f3ximas elecciones generales y presidenciales de octubre.<\/p>\n<p>&nbsp;<\/p>\n<p>Pero el l\u00edder del PT estuvo acompa\u00f1ado por una multitud y asegur\u00f3 desafiante: &#8220;Traten de demostrar el delito que comet\u00ed. Hablaron diez horas seguidas y no demostraron el delito&#8221;<\/p>\n<p>&nbsp;<\/p>\n<p>&#8220;Todo lo hacen para evitar que yo pueda ser candidato, ni ganar, solo ser candidato. Pero la provocaci\u00f3n es tan grande que ahora quiero ser candidato a presidente de la Rep\u00fablica&#8221;, asegur\u00f3, en sinton\u00eda con el planteo de la depuesta Dilma Rousseff.<\/p>\n<p>&nbsp;<\/p>\n<p>&#8220;Que se preparen, porque no solo vamos a gobernar de nuevo este pa\u00eds, sino que vamos a cuidar del pueblo; vamos a volver&#8221;, fue una de las frases de mayor impacto que plante\u00f3 Lula.<\/p>\n<p>&nbsp;<\/p>\n<p>El ex mandatario y l\u00edder opositor dijo que quiere &#8220;desafiar a los tres camaristas de Porto Alegre a presentar una sola prueba&#8221; en su contra, luego de que\u00a0 lo consideraran culpable de recibir sobornos de la constructora OAS, en el marco de la Operaci\u00f3n Lava Jato.<\/p>\n<p>&nbsp;<\/p>\n<p>Lula fue condenado hoy a 12 a\u00f1os y un mes de prisi\u00f3n, que puede hacerse efectiva una vez agotado los recursos de segunda instancia. Una decisi\u00f3n que apunta principalmente a que la Justicia Electoral le impida presentarse como candidato presidencial en las pr\u00f3ximas elecciones.<\/p>\n","protected":false},"excerpt":{"rendered":"<p>Luego de que un tribunal de apelaciones de Porto Alegre confirmara y aumentara- de 9 a 12 a\u00f1os- la condena por corrupci\u00f3n que recibi\u00f3 en primera instancia Lula da Silva, \u00e9ste destac\u00f3 que su intenci\u00f3n es volver a gobernar Brasil &nbsp; &nbsp; &nbsp; En un juicio hist\u00f3rico, el Tribunal Regional Federal de Porto Alegre ratific\u00f3 por unanimidad la sentencia contra Luiz In\u00e1cio Lula Da Silva, el expresidente m\u00e1s popular de Brasil y el candidato m\u00e1s fuerte para las pr\u00f3ximas elecciones generales y presidenciales de octubre. &nbsp; Pero el l\u00edder del&#8230;<\/p>\n","protected":false},"author":3,"featured_media":22704,"comment_status":"closed","ping_status":"closed","sticky":false,"template":"","format":"standard","meta":[],"categories":[4],"tags":[],"_links":{"self":[{"href":"https:\/\/www.actualidadadiario.com\/index.php\/wp-json\/wp\/v2\/posts\/22703"}],"collection":[{"href":"https:\/\/www.actualidadadiario.com\/index.php\/wp-json\/wp\/v2\/posts"}],"about":[{"href":"https:\/\/www.actualidadadiario.com\/index.php\/wp-json\/wp\/v2\/types\/post"}],"author":[{"embeddable":true,"href":"https:\/\/www.actualidadadiario.com\/index.php\/wp-json\/wp\/v2\/users\/3"}],"replies":[{"embeddable":true,"href":"https:\/\/www.actualidadadiario.com\/index.php\/wp-json\/wp\/v2\/comments?post=22703"}],"version-history":[{"count":1,"href":"https:\/\/www.actualidadadiario.com\/index.php\/wp-json\/wp\/v2\/posts\/22703\/revisions"}],"predecessor-version":[{"id":22705,"href":"https:\/\/www.actualidadadiario.com\/index.php\/wp-json\/wp\/v2\/posts\/22703\/revisions\/22705"}],"wp:featuredmedia":[{"embeddable":true,"href":"https:\/\/www.actualidadadiario.com\/index.php\/wp-json\/wp\/v2\/media\/22704"}],"wp:attachment":[{"href":"https:\/\/www.actualidadadiario.com\/index.php\/wp-json\/wp\/v2\/media?parent=22703"}],"wp:term":[{"taxonomy":"category","embeddable":true,"href":"https:\/\/www.actualidadadiario.com\/index.php\/wp-json\/wp\/v2\/categories?post=22703"},{"taxonomy":"post_tag","embeddable":true,"href":"https:\/\/www.actualidadadiario.com\/index.php\/wp-json\/wp\/v2\/tags?post=22703"}],"curies":[{"name":"wp","href":"https:\/\/api.w.org\/{rel}","templated":true}]}}