{"id":22691,"date":"2018-01-25T12:08:41","date_gmt":"2018-01-25T15:08:41","guid":{"rendered":"http:\/\/actualidadadiario.com\/site\/?p=22691"},"modified":"2018-11-06T19:51:22","modified_gmt":"2018-11-06T22:51:22","slug":"moyano-se-endurece-anuncio-una-marcha-contra-el-gobierno","status":"publish","type":"post","link":"https:\/\/www.actualidadadiario.com\/index.php\/2018\/01\/25\/moyano-se-endurece-anuncio-una-marcha-contra-el-gobierno\/","title":{"rendered":"Moyano se endurece: anunci\u00f3 una marcha contra el gobierno"},"content":{"rendered":"<p><em><strong>Se llevar\u00e1 a cabo el 22 de febrero, convocada por la Federaci\u00f3n Nacional de Trabajadores Camioneros. Habl\u00f3 de &#8220;un contexto econ\u00f3mico desfavorable para los trabajadores&#8221;<\/strong><\/em><\/p>\n<p>&nbsp;<\/p>\n<p>&nbsp;<\/p>\n<p>&nbsp;<\/p>\n<p>La tensi\u00f3n entre el gobierno nacional y el dirigente Hugo Moyano parece ir en aumento. Ayer, el hist\u00f3rico l\u00edder camionero anunci\u00f3 que el 22 de febrero la Federaci\u00f3n Nacional de Trabajadores Camioneros que lidera junto a su hijo Pablo llevar\u00e1 a cabo una marcha en el centro porte\u00f1o, con lugar todav\u00eda por definir, en &#8220;defensa del convenio colectivo de trabajo del sector, la preservaci\u00f3n del empleo y mejoras salariales&#8221;.<\/p>\n<p>&nbsp;<\/p>\n<p>&#8220;En un contexto econ\u00f3mico que se muestra desfavorable a los intereses y necesidades de la mayor\u00eda de trabajadores de diversas ramas, llamamos a una movilizaci\u00f3n en se\u00f1al de protesta&#8221;, dice el comunicado de la Federaci\u00f3n emitido tras un plenario que se realiz\u00f3 este mi\u00e9rcoles.<\/p>\n<p>&nbsp;<\/p>\n<p>La medida de fuerza apunta tambi\u00e9n contra el descuento del 0,5 por ciento por cada a\u00f1o de antig\u00fcedad propuesto d\u00edas atr\u00e1s por el sector empresarial que, seg\u00fan los gremios, es una modificaci\u00f3n del Convenio Colectivo de Trabajo 40\/89.<\/p>\n","protected":false},"excerpt":{"rendered":"<p>Se llevar\u00e1 a cabo el 22 de febrero, convocada por la Federaci\u00f3n Nacional de Trabajadores Camioneros. Habl\u00f3 de &#8220;un contexto econ\u00f3mico desfavorable para los trabajadores&#8221; &nbsp; &nbsp; &nbsp; La tensi\u00f3n entre el gobierno nacional y el dirigente Hugo Moyano parece ir en aumento. Ayer, el hist\u00f3rico l\u00edder camionero anunci\u00f3 que el 22 de febrero la Federaci\u00f3n Nacional de Trabajadores Camioneros que lidera junto a su hijo Pablo llevar\u00e1 a cabo una marcha en el centro porte\u00f1o, con lugar todav\u00eda por definir, en &#8220;defensa del convenio colectivo de trabajo del sector,&#8230;<\/p>\n","protected":false},"author":3,"featured_media":22692,"comment_status":"closed","ping_status":"closed","sticky":false,"template":"","format":"standard","meta":[],"categories":[18],"tags":[],"_links":{"self":[{"href":"https:\/\/www.actualidadadiario.com\/index.php\/wp-json\/wp\/v2\/posts\/22691"}],"collection":[{"href":"https:\/\/www.actualidadadiario.com\/index.php\/wp-json\/wp\/v2\/posts"}],"about":[{"href":"https:\/\/www.actualidadadiario.com\/index.php\/wp-json\/wp\/v2\/types\/post"}],"author":[{"embeddable":true,"href":"https:\/\/www.actualidadadiario.com\/index.php\/wp-json\/wp\/v2\/users\/3"}],"replies":[{"embeddable":true,"href":"https:\/\/www.actualidadadiario.com\/index.php\/wp-json\/wp\/v2\/comments?post=22691"}],"version-history":[{"count":1,"href":"https:\/\/www.actualidadadiario.com\/index.php\/wp-json\/wp\/v2\/posts\/22691\/revisions"}],"predecessor-version":[{"id":22693,"href":"https:\/\/www.actualidadadiario.com\/index.php\/wp-json\/wp\/v2\/posts\/22691\/revisions\/22693"}],"wp:featuredmedia":[{"embeddable":true,"href":"https:\/\/www.actualidadadiario.com\/index.php\/wp-json\/wp\/v2\/media\/22692"}],"wp:attachment":[{"href":"https:\/\/www.actualidadadiario.com\/index.php\/wp-json\/wp\/v2\/media?parent=22691"}],"wp:term":[{"taxonomy":"category","embeddable":true,"href":"https:\/\/www.actualidadadiario.com\/index.php\/wp-json\/wp\/v2\/categories?post=22691"},{"taxonomy":"post_tag","embeddable":true,"href":"https:\/\/www.actualidadadiario.com\/index.php\/wp-json\/wp\/v2\/tags?post=22691"}],"curies":[{"name":"wp","href":"https:\/\/api.w.org\/{rel}","templated":true}]}}