{"id":22688,"date":"2018-01-25T12:07:50","date_gmt":"2018-01-25T15:07:50","guid":{"rendered":"http:\/\/actualidadadiario.com\/site\/?p=22688"},"modified":"2018-11-06T19:48:06","modified_gmt":"2018-11-06T22:48:06","slug":"cambiemos-ya-esta-armando-la-lista-de-suplentes-del-ministro-de-trabajo","status":"publish","type":"post","link":"https:\/\/www.actualidadadiario.com\/index.php\/2018\/01\/25\/cambiemos-ya-esta-armando-la-lista-de-suplentes-del-ministro-de-trabajo\/","title":{"rendered":"Cambiemos ya est\u00e1 armando la lista de suplentes del ministro de Trabajo"},"content":{"rendered":"<p><em><strong>Luego de que saliera a la luz que ten\u00eda en negro a su empleada, adem\u00e1s de darse a conocer que la hab\u00eda puesto a dedo en SOMU, el gremio intervenido por la cartera que maneja hasta ahora Jorge Triaca, en el interior del Gobierno ya le est\u00e1n buscando reemplazo<\/strong><\/em><\/p>\n<p>&nbsp;<\/p>\n<p>&nbsp;<\/p>\n<p>&nbsp;<\/p>\n<p>Si bien tanto Mauricio Macri, como Patricia Bullrich y hasta el jefe de Gabinete, Marcos Pe\u00f1a salieron a defender a Jorge Triaca, ante el esc\u00e1ndalo que lo tiene en el ojo de la tormenta por tener a una empleada en negro adem\u00e1s de darse a conocer que el ministro de Trabajo la puso como delegada en el SOMU, sindicato intervenido por la cartera que \u00e9l conduce, ahora le est\u00e1n buscando un reemplazo y suenan varios.<\/p>\n<p>&nbsp;<\/p>\n<p>Uno de los primeros que se dio a conocer fue el del vicejefe de gobierno porte\u00f1o, Diego Santilli, pero desde el Gobierno de la Ciudad desmintieron el rumor y aseguraron que para que eso ocurriera, el ex de Nancy Pazos deber\u00eda renunciar a un cargo por el que fue electo hasta 2019. Tambi\u00e9n resuena el ministro de Trabajo bonaerense, Marclo Villegas.<\/p>\n<p>&nbsp;<\/p>\n<p>No obstante, qui\u00e9n tambi\u00e9n formar\u00eda parte de esta lista de postulados, aparece una ex ministra de Educaci\u00f3n en el gobierno de la Alianza en 2001, Patricia Bullrich, que est\u00e1 al mando del ministerio de Seguridad, que sali\u00f3 a defender a Triaca: &#8220;Lo que ocurri\u00f3 fue feo para todos, para \u00e9l m\u00e1s que para nadie. Est\u00e1 sufriendo mucho. No creo que tenga que llegar a renunciar&#8221;.<\/p>\n<p>&nbsp;<\/p>\n<p>Pero no termina ah\u00ed, tambi\u00e9n se habla de la senadora Gladys Gonz\u00e1lez, quien tambi\u00e9n form\u00f3 parte de la intervenci\u00f3n del Sindicato de Obreros Mar\u00edtimos Unidos.<\/p>\n","protected":false},"excerpt":{"rendered":"<p>Luego de que saliera a la luz que ten\u00eda en negro a su empleada, adem\u00e1s de darse a conocer que la hab\u00eda puesto a dedo en SOMU, el gremio intervenido por la cartera que maneja hasta ahora Jorge Triaca, en el interior del Gobierno ya le est\u00e1n buscando reemplazo &nbsp; &nbsp; &nbsp; Si bien tanto Mauricio Macri, como Patricia Bullrich y hasta el jefe de Gabinete, Marcos Pe\u00f1a salieron a defender a Jorge Triaca, ante el esc\u00e1ndalo que lo tiene en el ojo de la tormenta por tener a una&#8230;<\/p>\n","protected":false},"author":3,"featured_media":22689,"comment_status":"closed","ping_status":"closed","sticky":false,"template":"","format":"standard","meta":[],"categories":[18],"tags":[],"_links":{"self":[{"href":"https:\/\/www.actualidadadiario.com\/index.php\/wp-json\/wp\/v2\/posts\/22688"}],"collection":[{"href":"https:\/\/www.actualidadadiario.com\/index.php\/wp-json\/wp\/v2\/posts"}],"about":[{"href":"https:\/\/www.actualidadadiario.com\/index.php\/wp-json\/wp\/v2\/types\/post"}],"author":[{"embeddable":true,"href":"https:\/\/www.actualidadadiario.com\/index.php\/wp-json\/wp\/v2\/users\/3"}],"replies":[{"embeddable":true,"href":"https:\/\/www.actualidadadiario.com\/index.php\/wp-json\/wp\/v2\/comments?post=22688"}],"version-history":[{"count":1,"href":"https:\/\/www.actualidadadiario.com\/index.php\/wp-json\/wp\/v2\/posts\/22688\/revisions"}],"predecessor-version":[{"id":22690,"href":"https:\/\/www.actualidadadiario.com\/index.php\/wp-json\/wp\/v2\/posts\/22688\/revisions\/22690"}],"wp:featuredmedia":[{"embeddable":true,"href":"https:\/\/www.actualidadadiario.com\/index.php\/wp-json\/wp\/v2\/media\/22689"}],"wp:attachment":[{"href":"https:\/\/www.actualidadadiario.com\/index.php\/wp-json\/wp\/v2\/media?parent=22688"}],"wp:term":[{"taxonomy":"category","embeddable":true,"href":"https:\/\/www.actualidadadiario.com\/index.php\/wp-json\/wp\/v2\/categories?post=22688"},{"taxonomy":"post_tag","embeddable":true,"href":"https:\/\/www.actualidadadiario.com\/index.php\/wp-json\/wp\/v2\/tags?post=22688"}],"curies":[{"name":"wp","href":"https:\/\/api.w.org\/{rel}","templated":true}]}}