{"id":22682,"date":"2018-01-25T12:03:46","date_gmt":"2018-01-25T15:03:46","guid":{"rendered":"http:\/\/actualidadadiario.com\/site\/?p=22682"},"modified":"2018-11-06T19:51:02","modified_gmt":"2018-11-06T22:51:02","slug":"macri-afirmo-que-la-inflacion-alcanzo-el-menor-nivel-en-una-decada","status":"publish","type":"post","link":"https:\/\/www.actualidadadiario.com\/index.php\/2018\/01\/25\/macri-afirmo-que-la-inflacion-alcanzo-el-menor-nivel-en-una-decada\/","title":{"rendered":"Macri afirm\u00f3 que &#8220;la inflaci\u00f3n alcanz\u00f3 el menor nivel en una d\u00e9cada&#8221;"},"content":{"rendered":"<p><em><strong>En Davos, el Presidente sostuvo que &#8220;la econom\u00eda argentina est\u00e1 cobrando auge&#8221;<\/strong><\/em><\/p>\n<p>&nbsp;<\/p>\n<p>&nbsp;<\/p>\n<p>&nbsp;<\/p>\n<p>&nbsp;<\/p>\n<p>&nbsp;<\/p>\n<p>El presidente Mauricio Macri asegur\u00f3 hoy que\u00a0 la econom\u00eda argentina &#8220;est\u00e1 cobrando auge, la inflaci\u00f3n alcanz\u00f3 el menor nivel en una d\u00e9cada, los salarios se han recuperado, y la pobreza y el desempleo se han reducido\u201d, al exponer ante el Foro Econ\u00f3mico Mundial en Davos.<\/p>\n<p>&nbsp;<\/p>\n<p>El mandatario, que es el primer sudamericano en ejercer la presidencia del G20, tambi\u00e9n destac\u00f3 que tras d\u00e9cadas de haber permanecido aislado del mundo\u201d, el pa\u00eds entr\u00f3 en \u201cuna nueva fase\u201d en la que puede cumplir \u201cun papel significativo a nivel mundial\u201d, porque la econom\u00eda fue \u201creorganizada\u201d y permiti\u00f3 a la Naci\u00f3n \u201creencaminarse\u201d y transitar \u201cla v\u00eda del crecimiento inclusivo\u201d.<\/p>\n<p>&nbsp;<\/p>\n<p>Durante la Sesi\u00f3n Plenaria del Foro Econ\u00f3mico Mundial, consider\u00f3 que en la Argentina se logr\u00f3 un \u201cconsenso pol\u00edtico en torno a una agenda de reforma permanente\u201d, con lo que el pa\u00eds dej\u00f3 atr\u00e1s \u201csu experimento populista\u201d.<\/p>\n<p>&nbsp;<\/p>\n<p>\u201cLa Argentina ha reducido la corrupci\u00f3n que crea una gran ineficacia y destruye el empleo, creando un nuevo entorno y marcos normativos que generan nuevas oportunidades\u201d, sentenci\u00f3 Macri, quien adem\u00e1s afirm\u00f3 que su principal compromiso es \u201creducir la pobreza\u201d.<\/p>\n<p>&nbsp;<\/p>\n<p>En cuanto a la pol\u00edtica exterior, asegur\u00f3 que el Mercosur y la Uni\u00f3n Europea est\u00e1n \u201ccerca de sellar un acuerdo\u201d comercial, al tiempo que ponder\u00f3 la reuni\u00f3n que se har\u00e1 la semana pr\u00f3xima en Bruselas, al considerar que Europa \u201cno podr\u00e1 encontrar regi\u00f3n mejor\u201d en relaci\u00f3n a \u201cla seguridad alimentaria y las fuentes de energ\u00eda renovables\u201d.<\/p>\n<p>&nbsp;<\/p>\n<p>Asimismo, se\u00f1al\u00f3 que no es &#8220;nada optimista\u201d en relaci\u00f3n a la posibilidad de que pueda haber cambios en Venezuela por considerar que \u201cno es una democracia&#8221;, al analizar que en ese pa\u00eds se le \u201cfalta de respeto a los derechos humanos\u201d.<\/p>\n","protected":false},"excerpt":{"rendered":"<p>En Davos, el Presidente sostuvo que &#8220;la econom\u00eda argentina est\u00e1 cobrando auge&#8221; &nbsp; &nbsp; &nbsp; &nbsp; &nbsp; El presidente Mauricio Macri asegur\u00f3 hoy que\u00a0 la econom\u00eda argentina &#8220;est\u00e1 cobrando auge, la inflaci\u00f3n alcanz\u00f3 el menor nivel en una d\u00e9cada, los salarios se han recuperado, y la pobreza y el desempleo se han reducido\u201d, al exponer ante el Foro Econ\u00f3mico Mundial en Davos. &nbsp; El mandatario, que es el primer sudamericano en ejercer la presidencia del G20, tambi\u00e9n destac\u00f3 que tras d\u00e9cadas de haber permanecido aislado del mundo\u201d, el pa\u00eds entr\u00f3&#8230;<\/p>\n","protected":false},"author":3,"featured_media":22683,"comment_status":"closed","ping_status":"closed","sticky":false,"template":"","format":"standard","meta":[],"categories":[18],"tags":[],"_links":{"self":[{"href":"https:\/\/www.actualidadadiario.com\/index.php\/wp-json\/wp\/v2\/posts\/22682"}],"collection":[{"href":"https:\/\/www.actualidadadiario.com\/index.php\/wp-json\/wp\/v2\/posts"}],"about":[{"href":"https:\/\/www.actualidadadiario.com\/index.php\/wp-json\/wp\/v2\/types\/post"}],"author":[{"embeddable":true,"href":"https:\/\/www.actualidadadiario.com\/index.php\/wp-json\/wp\/v2\/users\/3"}],"replies":[{"embeddable":true,"href":"https:\/\/www.actualidadadiario.com\/index.php\/wp-json\/wp\/v2\/comments?post=22682"}],"version-history":[{"count":1,"href":"https:\/\/www.actualidadadiario.com\/index.php\/wp-json\/wp\/v2\/posts\/22682\/revisions"}],"predecessor-version":[{"id":22684,"href":"https:\/\/www.actualidadadiario.com\/index.php\/wp-json\/wp\/v2\/posts\/22682\/revisions\/22684"}],"wp:featuredmedia":[{"embeddable":true,"href":"https:\/\/www.actualidadadiario.com\/index.php\/wp-json\/wp\/v2\/media\/22683"}],"wp:attachment":[{"href":"https:\/\/www.actualidadadiario.com\/index.php\/wp-json\/wp\/v2\/media?parent=22682"}],"wp:term":[{"taxonomy":"category","embeddable":true,"href":"https:\/\/www.actualidadadiario.com\/index.php\/wp-json\/wp\/v2\/categories?post=22682"},{"taxonomy":"post_tag","embeddable":true,"href":"https:\/\/www.actualidadadiario.com\/index.php\/wp-json\/wp\/v2\/tags?post=22682"}],"curies":[{"name":"wp","href":"https:\/\/api.w.org\/{rel}","templated":true}]}}