{"id":22680,"date":"2018-01-25T12:02:58","date_gmt":"2018-01-25T15:02:58","guid":{"rendered":"http:\/\/actualidadadiario.com\/site\/?p=22680"},"modified":"2018-11-06T19:52:23","modified_gmt":"2018-11-06T22:52:23","slug":"sigue-desplomandose-la-imagen-de-mauricio-macri","status":"publish","type":"post","link":"https:\/\/www.actualidadadiario.com\/index.php\/2018\/01\/25\/sigue-desplomandose-la-imagen-de-mauricio-macri\/","title":{"rendered":"Sigue desplom\u00e1ndose la imagen de Mauricio Macri"},"content":{"rendered":"<p><em><strong>Un nuevo relevamiento privado viene a confirmar la tendencia: con cada d\u00eda que pasa, la ciudadan\u00eda tiene una peor imagen de Macri y de su gesti\u00f3n<\/strong><\/em><\/p>\n<p>&nbsp;<\/p>\n<p>&nbsp;<\/p>\n<p>&nbsp;<\/p>\n<p>\u201cDe Guatemala a guatepeor\u2026\u201d El dicho popular parece resumir la valoraci\u00f3n que la ciudadan\u00eda tiene del presidente Mauricio Macri: si ven\u00eda bajando, tras los hechos p\u00fablicos ocurridos en los \u00faltimos d\u00edas, ahora est\u00e1 en picada.<\/p>\n<p>&nbsp;<\/p>\n<p>Una encuesta de la consultora Synopsis daba cuenta que, desde el 51,6 por ciento registrado en noviembre pasado, la imagen positiva del gobierno macrista bajaba a \u201cun inc\u00f3modo\u201d \u2013dec\u00eda Clar\u00edn\u2013 38 por ciento en enero.<\/p>\n<p>&nbsp;<\/p>\n<p>Un nuevo relevamiento de Ricardo Rouvier &amp; Asociados, que tambi\u00e9n publica Clar\u00edn, viene a confirmar la tendencia: el ajuste previsional, los sucesivos tarifazos y el \u2018affaire\u2019 Jorge Triaca volvieron a empujar a la baja la imagen presidencial.<\/p>\n<p>&nbsp;<\/p>\n<p>En concreto, la imagen de Mauricio Macri pas\u00f3 al 44,6 por ciento, cuando en diciembre la misma consultora la ubicada en el 48,8 por ciento, y la negativa subi\u00f3 de 47,9 por ciento de diciembre al 52,4 por ciento.<\/p>\n<p>&nbsp;<\/p>\n<p>&#8220;El comienzo del a\u00f1o 2018 muestra una acentuaci\u00f3n en la ca\u00edda de la imagen del Gobierno Nacional y de las expectativas econ\u00f3micas\u201d, dice el informe de Rouvier, como conclusi\u00f3n principal al monitoreo realizado entre el 13 y el 22 de enero.<\/p>\n<p>&nbsp;<\/p>\n<p>&#8220;Se registra un descenso de la opini\u00f3n positiva sobre la imagen del Presidente Mauricio Macri y un aumento en la opini\u00f3n negativa. Actualmente la imagen negativa supera a la positiva por 7,8 puntos de porcentaje&#8221;, indica.<\/p>\n<p>&nbsp;<\/p>\n<p>&#8220;Esta ca\u00edda tambi\u00e9n se registra en la opini\u00f3n sobre la gesti\u00f3n del Gobierno Nacional que incluso es levemente peor que la calificaci\u00f3n sobre el Presidente&#8221;, dice el informe, precisando que, en lo que respecta a la gesti\u00f3n, la imagen negativa creci\u00f3 de 50,4 por ciento a 55,3 por ciento y la positiva baj\u00f3 de 47,2 por ciento a 42,2 por ciento.<\/p>\n","protected":false},"excerpt":{"rendered":"<p>Un nuevo relevamiento privado viene a confirmar la tendencia: con cada d\u00eda que pasa, la ciudadan\u00eda tiene una peor imagen de Macri y de su gesti\u00f3n &nbsp; &nbsp; &nbsp; \u201cDe Guatemala a guatepeor\u2026\u201d El dicho popular parece resumir la valoraci\u00f3n que la ciudadan\u00eda tiene del presidente Mauricio Macri: si ven\u00eda bajando, tras los hechos p\u00fablicos ocurridos en los \u00faltimos d\u00edas, ahora est\u00e1 en picada. &nbsp; Una encuesta de la consultora Synopsis daba cuenta que, desde el 51,6 por ciento registrado en noviembre pasado, la imagen positiva del gobierno macrista bajaba&#8230;<\/p>\n","protected":false},"author":3,"featured_media":22610,"comment_status":"closed","ping_status":"closed","sticky":false,"template":"","format":"standard","meta":[],"categories":[9,18],"tags":[],"_links":{"self":[{"href":"https:\/\/www.actualidadadiario.com\/index.php\/wp-json\/wp\/v2\/posts\/22680"}],"collection":[{"href":"https:\/\/www.actualidadadiario.com\/index.php\/wp-json\/wp\/v2\/posts"}],"about":[{"href":"https:\/\/www.actualidadadiario.com\/index.php\/wp-json\/wp\/v2\/types\/post"}],"author":[{"embeddable":true,"href":"https:\/\/www.actualidadadiario.com\/index.php\/wp-json\/wp\/v2\/users\/3"}],"replies":[{"embeddable":true,"href":"https:\/\/www.actualidadadiario.com\/index.php\/wp-json\/wp\/v2\/comments?post=22680"}],"version-history":[{"count":1,"href":"https:\/\/www.actualidadadiario.com\/index.php\/wp-json\/wp\/v2\/posts\/22680\/revisions"}],"predecessor-version":[{"id":22681,"href":"https:\/\/www.actualidadadiario.com\/index.php\/wp-json\/wp\/v2\/posts\/22680\/revisions\/22681"}],"wp:featuredmedia":[{"embeddable":true,"href":"https:\/\/www.actualidadadiario.com\/index.php\/wp-json\/wp\/v2\/media\/22610"}],"wp:attachment":[{"href":"https:\/\/www.actualidadadiario.com\/index.php\/wp-json\/wp\/v2\/media?parent=22680"}],"wp:term":[{"taxonomy":"category","embeddable":true,"href":"https:\/\/www.actualidadadiario.com\/index.php\/wp-json\/wp\/v2\/categories?post=22680"},{"taxonomy":"post_tag","embeddable":true,"href":"https:\/\/www.actualidadadiario.com\/index.php\/wp-json\/wp\/v2\/tags?post=22680"}],"curies":[{"name":"wp","href":"https:\/\/api.w.org\/{rel}","templated":true}]}}