{"id":22670,"date":"2018-01-25T11:59:31","date_gmt":"2018-01-25T14:59:31","guid":{"rendered":"http:\/\/actualidadadiario.com\/site\/?p=22670"},"modified":"2018-11-06T19:48:24","modified_gmt":"2018-11-06T22:48:24","slug":"crisis-en-el-sector-lechero-cierran-una-planta-de-ilolay-en-santa-fe","status":"publish","type":"post","link":"https:\/\/www.actualidadadiario.com\/index.php\/2018\/01\/25\/crisis-en-el-sector-lechero-cierran-una-planta-de-ilolay-en-santa-fe\/","title":{"rendered":"Crisis en el sector lechero: cierran una planta de Ilolay en Santa Fe"},"content":{"rendered":"<p><em><strong>El flamante secretario de Lecher\u00eda de esa provincia, Roberto Ti\u00f3n, confirm\u00f3 el cierre de la f\u00e1brica en la ciudad de Suardi. Se trata de una de las cuatro industrias que administra el grupo Williner, que advirti\u00f3 que &#8220;reubicar\u00e1 a los trabajadores&#8221; en otras localidades<\/strong><\/em><\/p>\n<p>&nbsp;<\/p>\n<p>&nbsp;<\/p>\n<p>&nbsp;<\/p>\n<p>Los 70 trabajadores de la empresa l\u00e1ctea Ilolay de la ciudad santafesina de Suardi atraviesan momentos de incertidumbre. Seg\u00fan se confirm\u00f3 oficialmente en las \u00faltimas horas, la compa\u00f1\u00eda que administra la marca cerrar\u00e1 la planta de esa localidad.<\/p>\n<p>&nbsp;<\/p>\n<p>El flamante secretario de Lecher\u00eda de Santa Fe, Roberto Ti\u00f3n, confirm\u00f3 el cierre de la industria, aunque aclar\u00f3 que la firma Sucesores de Alfredo Williner SA le manifest\u00f3 que &#8220;los puestos de trabajo no se iban a perder porque se van a reubicar&#8221;.<\/p>\n<p>&nbsp;<\/p>\n<p>Por su lado, el jefe comunal del pueblo de Suardi, Hugo Boscarol, expres\u00f3 su alarma. &#8220;Mi preocupaci\u00f3n como intendente es cuidar las fuentes de trabajo de mi ciudad, porque para Suardi esa planta es important\u00edsima&#8221;, apunt\u00f3 y manifest\u00f3 ser &#8220;optimista&#8221; acerca de que &#8220;no sea irreversible&#8221; la decisi\u00f3n de la empresa, pese a las confirmaciones oficiales.<\/p>\n<p>&nbsp;<\/p>\n<p>\u201cLa preocupaci\u00f3n nuestra es el trabajo de la gente\u201d, dijo por radio LT10, a pesar de que los operarios \u201cno se quedar\u00edan sin empleo pero tendr\u00e1n que optar entre trasladarse a otro lugar o el retiro voluntario\u201d.<\/p>\n<p>&nbsp;<\/p>\n<p>El grupo Williner administra las cuatro industrias l\u00e1cteas de la marca Ilolay, todas ubicadas en la provincia de Santa Fe: Bella Italia, Suardi, El Tr\u00e9bol y Arruf\u00f3. Boscarol explic\u00f3 que la compa\u00f1\u00eda planea concentrar su producci\u00f3n en las plantas m\u00e1s grandes y dotadas con mayor tecnolog\u00eda, donde procesa cerca de un mill\u00f3n y medio de litros de leche por d\u00eda para la elaboraci\u00f3n de quesos blandos, duros, procesados y rallados; dulce de leche, crema, leche entera, descremada y en polvo; manteca, yogur, flanes y postres.<\/p>\n","protected":false},"excerpt":{"rendered":"<p>El flamante secretario de Lecher\u00eda de esa provincia, Roberto Ti\u00f3n, confirm\u00f3 el cierre de la f\u00e1brica en la ciudad de Suardi. Se trata de una de las cuatro industrias que administra el grupo Williner, que advirti\u00f3 que &#8220;reubicar\u00e1 a los trabajadores&#8221; en otras localidades &nbsp; &nbsp; &nbsp; Los 70 trabajadores de la empresa l\u00e1ctea Ilolay de la ciudad santafesina de Suardi atraviesan momentos de incertidumbre. Seg\u00fan se confirm\u00f3 oficialmente en las \u00faltimas horas, la compa\u00f1\u00eda que administra la marca cerrar\u00e1 la planta de esa localidad. &nbsp; El flamante secretario de&#8230;<\/p>\n","protected":false},"author":3,"featured_media":22671,"comment_status":"closed","ping_status":"closed","sticky":false,"template":"","format":"standard","meta":[],"categories":[2],"tags":[],"_links":{"self":[{"href":"https:\/\/www.actualidadadiario.com\/index.php\/wp-json\/wp\/v2\/posts\/22670"}],"collection":[{"href":"https:\/\/www.actualidadadiario.com\/index.php\/wp-json\/wp\/v2\/posts"}],"about":[{"href":"https:\/\/www.actualidadadiario.com\/index.php\/wp-json\/wp\/v2\/types\/post"}],"author":[{"embeddable":true,"href":"https:\/\/www.actualidadadiario.com\/index.php\/wp-json\/wp\/v2\/users\/3"}],"replies":[{"embeddable":true,"href":"https:\/\/www.actualidadadiario.com\/index.php\/wp-json\/wp\/v2\/comments?post=22670"}],"version-history":[{"count":1,"href":"https:\/\/www.actualidadadiario.com\/index.php\/wp-json\/wp\/v2\/posts\/22670\/revisions"}],"predecessor-version":[{"id":22672,"href":"https:\/\/www.actualidadadiario.com\/index.php\/wp-json\/wp\/v2\/posts\/22670\/revisions\/22672"}],"wp:featuredmedia":[{"embeddable":true,"href":"https:\/\/www.actualidadadiario.com\/index.php\/wp-json\/wp\/v2\/media\/22671"}],"wp:attachment":[{"href":"https:\/\/www.actualidadadiario.com\/index.php\/wp-json\/wp\/v2\/media?parent=22670"}],"wp:term":[{"taxonomy":"category","embeddable":true,"href":"https:\/\/www.actualidadadiario.com\/index.php\/wp-json\/wp\/v2\/categories?post=22670"},{"taxonomy":"post_tag","embeddable":true,"href":"https:\/\/www.actualidadadiario.com\/index.php\/wp-json\/wp\/v2\/tags?post=22670"}],"curies":[{"name":"wp","href":"https:\/\/api.w.org\/{rel}","templated":true}]}}