{"id":22655,"date":"2018-01-25T11:54:26","date_gmt":"2018-01-25T14:54:26","guid":{"rendered":"http:\/\/actualidadadiario.com\/site\/?p=22655"},"modified":"2018-11-06T19:47:16","modified_gmt":"2018-11-06T22:47:16","slug":"hay-que-provincializar-la-represa-de-salto-grande","status":"publish","type":"post","link":"https:\/\/www.actualidadadiario.com\/index.php\/2018\/01\/25\/hay-que-provincializar-la-represa-de-salto-grande\/","title":{"rendered":"&#8220;Hay que provincializar la represa de Salto Grande&#8221;"},"content":{"rendered":"<p><em><strong>El senador \u00c1ngel Giano volvi\u00f3 a insistir con el reclamo ya que considera que &#8220;es hora que se haga justicia y que Entre R\u00edos tenga la energ\u00eda m\u00e1s barata&#8221;. Adem\u00e1s, apuesta a las gestiones del gobernador ante Macri<\/strong><\/em><\/p>\n<p>&nbsp;<\/p>\n<p>&nbsp;<\/p>\n<p>&nbsp;<\/p>\n<p>&#8220;Es injusto que los concordienses y todos los entrerrianos paguemos la energ\u00eda el\u00e9ctrica cada vez m\u00e1s cara&#8221;, sostuvo el senador por el departamento Concordia y presidente del bloque PJ-FPV en el Senado entrerriano, \u00c1ngel Giano.<\/p>\n<p>&nbsp;<\/p>\n<p>Giano indic\u00f3 que la injusticia se basa fundamentalmente en que la energ\u00eda que genera Salto Grande, el Gobierno nacional paga 240 pesos el megavatio por hora, mientras que Enersa y las 18 cooperativas el\u00e9ctricas entrerrianas la deben comprar en el mercado a 846 pesos el megavatio hora.<\/p>\n<p>&nbsp;<\/p>\n<p>Como ejemplo mencion\u00f3 que &#8220;en 2015 qui\u00e9n consum\u00eda 500 kwh abonaba una tarifa el\u00e9ctrica de aproximadamente 550 pesos, mientras hoy debe pagar casi 3000 pesos&#8221;.<\/p>\n<p>&nbsp;<\/p>\n<p>&#8220;Hay que provincializar la represa de Salto Grande y se terminar\u00e1 con la injusticia que hoy hace que todos los entrerrianos debamos pagar la tarifa el\u00e9ctrica cada vez m\u00e1s cara, siendo los due\u00f1os de la energ\u00eda y del r\u00edo Uruguay que se utiliza para generarla&#8221;, subray\u00f3 el legislador.<\/p>\n<p>&nbsp;<\/p>\n<p>&#8220;Estamos convencidos que el agua y la energ\u00eda son el futuro de Entre R\u00edos, por eso valorizarlos y utilizarlos en una pol\u00edtica de estado es clave&#8221;, asegur\u00f3 y subray\u00f3 que &#8220;la represa de Salto Grande utiliza estos recursos junto con el Gobierno nacional por lo cual nos retribuye muy poco de los que nos corresponde&#8221;.<\/p>\n<p>&nbsp;<\/p>\n<p>Luego coment\u00f3 que &#8220;incluso hay otros lugares del pa\u00eds que tienen la energ\u00eda m\u00e1s barata y no tienen ninguna generadora de energ\u00eda, como ciudad de Buenos Aires&#8221;. Por eso sostuvo que &#8220;es hora que se haga justicia y que as\u00ed como las provincias petroleras tienen m\u00e1s barato el combustible y las gas\u00edferas m\u00e1s barato el gas, nosotros tengamos la energ\u00eda el\u00e9ctrica m\u00e1s barata&#8221;.<\/p>\n<p>&nbsp;<\/p>\n<p>&nbsp;<\/p>\n<p><strong>Gestiones de Bordet<\/strong><\/p>\n<p>El Senador consider\u00f3 &#8220;estrat\u00e9gico&#8221; que el gobernador Gustavo Bordet aproveche la gira por Europa con el presidente Mauricio Macri, para insistir con &#8220;las gestiones ante el Poder Ejecutivo nacional para la provincializaci\u00f3n de Salto Grande y para que los entrerrianos, entre otros beneficios, paguemos la luz m\u00e1s barata&#8221;.<\/p>\n<p>&nbsp;<\/p>\n<p>&nbsp;<\/p>\n<p><strong>Proyectos<\/strong><\/p>\n<p>Giano destac\u00f3 tambi\u00e9n que junto a todos los bloques del Senado se ha sancionado el proyecto de ley para provincializar Salto Grande, tal como lo establecen las Constituciones nacional y provincial \u2013donde se reconoce que los recursos naturales son propiedad de las provincias- y que ahora deber\u00e1 tratar la C\u00e1mara de Diputados de la provincia para su sanci\u00f3n definitiva.<\/p>\n<p>&nbsp;<\/p>\n<p>En este sentido el legislador puso de relieve el trabajo que han realizado con la senadora Sigrid Kunath para presentar un proyecto de ley en el \u00e1mbito del Senado de la Naci\u00f3n.<\/p>\n<p>&nbsp;<\/p>\n<p>&nbsp;<\/p>\n<p><strong>Para todos<\/strong><\/p>\n<p>&#8220;El camino de la provincializaci\u00f3n de Salto Grande tiene que ser un camino de gran inter\u00e9s para todos los entrerrianos, porque el aumento abusivo de la energ\u00eda afecta a todo el mundo. Si se logra el beneficio, ser\u00e1 para todos por igual&#8221;, remarc\u00f3 Giano.<\/p>\n<p>&nbsp;<\/p>\n<p>&#8220;Por eso es importante tambi\u00e9n que toda la dirigencia pol\u00edtica, todos los sectores econ\u00f3micos y sociales y nuestros legisladores nacionales se unan en defensa de estos altos intereses de los entrerrianos y que entre otros objetivos, para que todos puedan pagar la energ\u00eda m\u00e1s barata, no solo los vecinos, sino tambi\u00e9n los comercios, las industrias, las empresas, los productores, los medios de comunicaci\u00f3n&#8221;, explic\u00f3.<\/p>\n","protected":false},"excerpt":{"rendered":"<p>El senador \u00c1ngel Giano volvi\u00f3 a insistir con el reclamo ya que considera que &#8220;es hora que se haga justicia y que Entre R\u00edos tenga la energ\u00eda m\u00e1s barata&#8221;. Adem\u00e1s, apuesta a las gestiones del gobernador ante Macri &nbsp; &nbsp; &nbsp; &#8220;Es injusto que los concordienses y todos los entrerrianos paguemos la energ\u00eda el\u00e9ctrica cada vez m\u00e1s cara&#8221;, sostuvo el senador por el departamento Concordia y presidente del bloque PJ-FPV en el Senado entrerriano, \u00c1ngel Giano. &nbsp; Giano indic\u00f3 que la injusticia se basa fundamentalmente en que la energ\u00eda que&#8230;<\/p>\n","protected":false},"author":3,"featured_media":22656,"comment_status":"closed","ping_status":"closed","sticky":false,"template":"","format":"standard","meta":[],"categories":[15],"tags":[],"_links":{"self":[{"href":"https:\/\/www.actualidadadiario.com\/index.php\/wp-json\/wp\/v2\/posts\/22655"}],"collection":[{"href":"https:\/\/www.actualidadadiario.com\/index.php\/wp-json\/wp\/v2\/posts"}],"about":[{"href":"https:\/\/www.actualidadadiario.com\/index.php\/wp-json\/wp\/v2\/types\/post"}],"author":[{"embeddable":true,"href":"https:\/\/www.actualidadadiario.com\/index.php\/wp-json\/wp\/v2\/users\/3"}],"replies":[{"embeddable":true,"href":"https:\/\/www.actualidadadiario.com\/index.php\/wp-json\/wp\/v2\/comments?post=22655"}],"version-history":[{"count":1,"href":"https:\/\/www.actualidadadiario.com\/index.php\/wp-json\/wp\/v2\/posts\/22655\/revisions"}],"predecessor-version":[{"id":22657,"href":"https:\/\/www.actualidadadiario.com\/index.php\/wp-json\/wp\/v2\/posts\/22655\/revisions\/22657"}],"wp:featuredmedia":[{"embeddable":true,"href":"https:\/\/www.actualidadadiario.com\/index.php\/wp-json\/wp\/v2\/media\/22656"}],"wp:attachment":[{"href":"https:\/\/www.actualidadadiario.com\/index.php\/wp-json\/wp\/v2\/media?parent=22655"}],"wp:term":[{"taxonomy":"category","embeddable":true,"href":"https:\/\/www.actualidadadiario.com\/index.php\/wp-json\/wp\/v2\/categories?post=22655"},{"taxonomy":"post_tag","embeddable":true,"href":"https:\/\/www.actualidadadiario.com\/index.php\/wp-json\/wp\/v2\/tags?post=22655"}],"curies":[{"name":"wp","href":"https:\/\/api.w.org\/{rel}","templated":true}]}}