{"id":22649,"date":"2018-01-25T11:52:43","date_gmt":"2018-01-25T14:52:43","guid":{"rendered":"http:\/\/actualidadadiario.com\/site\/?p=22649"},"modified":"2018-11-06T19:48:01","modified_gmt":"2018-11-06T22:48:01","slug":"bordet-se-reunio-en-davos-con-directivos-de-coca-cola-por-los-citricos-entrerrianos","status":"publish","type":"post","link":"https:\/\/www.actualidadadiario.com\/index.php\/2018\/01\/25\/bordet-se-reunio-en-davos-con-directivos-de-coca-cola-por-los-citricos-entrerrianos\/","title":{"rendered":"Bordet se reuni\u00f3 en Davos con directivos de Coca Cola por los c\u00edtricos entrerrianos"},"content":{"rendered":"<p><em><strong>El gobernador Gustavo Bordet se reuni\u00f3 con el CEO de Coca Cola, James Quincey, y el presidente Mauricio Macri, en Davos, para avanzar en la exportaci\u00f3n de c\u00edtricos entrerrianos. \u201cFue una reuni\u00f3n muy positiva que tendr\u00e1 consecuencias beneficiosas para la producci\u00f3n citr\u00edcola en Entre R\u00edos\u201d, expres\u00f3<\/strong><\/em><\/p>\n<p>&nbsp;<\/p>\n<p>&nbsp;<\/p>\n<p>&nbsp;<\/p>\n<p>&nbsp;<\/p>\n<p>Bordet acompa\u00f1\u00f3 a las m\u00e1ximas autoridades de nuestro pa\u00eds en una ronda de reuniones con l\u00edderes y empresarios internacionales en la Casa Argentina en Davos, en la v\u00edspera del inicio del Foro Econ\u00f3mico Mundial que tendr\u00e1 lugar el jueves.<\/p>\n<p>&nbsp;<\/p>\n<p>En ese marco, el mandatario entrerriano tom\u00f3 contacto con la canciller alemana, \u00c1ngela Merkel, la reina de los Pa\u00edses Bajos, M\u00e1xima Zorreguieta, el primer ministro de ese pa\u00eds, Mark Rutte, el primer ministro de Canad\u00e1, Justin Trudeau y el presidente de la Confederaci\u00f3n Suiza, Alain Berset.<\/p>\n<p>&nbsp;<\/p>\n<p>Entre los empresarios mundiales que mantuvieron reuniones bilaterales con la delegaci\u00f3n argentina se encuentran el fundador de Microsoft, Bill Gates, la directora operativa de Facebook, Sheryl Sandberg, el CEO de la empresa petroqu\u00edmica y energ\u00e9tica Total, Patrick Pouyann\u00e9, representantes de Temasek Internacional, y los CEOs de Siemens, Joe Kaeser, y de Cargill, David MacLennan, entre otros.<\/p>\n<p>&nbsp;<\/p>\n<p>\u201cLlevamos adelante una jornada de mucho trabajo en la que tomamos contacto con l\u00edderes de algunos de los pa\u00edses de la regi\u00f3n y tambi\u00e9n con representantes de empresas que operan en todo el mundo, con quienes intercambiamos informaci\u00f3n sobre nuestra provincia y las oportunidades de inversi\u00f3n y desarrollo\u201d, cont\u00f3 Bordet luego de las reuniones.<\/p>\n<p>&nbsp;<\/p>\n<p>En ese marco, Bordet mantuvo un encuentro con el CEO de Coca Cola, James Quincey, y el presidente Mauricio Macri en donde dieron continuidad al di\u00e1logo para concretar la venta de c\u00edtricos dulces entrerrianos a la empresa. \u201cFue una reuni\u00f3n muy positiva que tendr\u00e1 consecuencias beneficiosas para la producci\u00f3n citr\u00edcola en Entre R\u00edos\u201d, afirm\u00f3 el mandatario.<\/p>\n<p>&nbsp;<\/p>\n<p>\u201cPudimos analizar con Quincey y el presidente los avances que la compa\u00f1\u00eda ha tenido en la zona citr\u00edcola entrerriana, que han sido muchos y sientan las bases para un trabajo conjunto muy auspicioso para nuestros productores\u201d, se\u00f1al\u00f3 Bordet y advirti\u00f3 que \u201cel resultado hasta aqu\u00ed es muy bueno porque abre las puertas de un vasto mercado internacional a la producci\u00f3n entrerriana\u201d.<\/p>\n<p>&nbsp;<\/p>\n<p>En esa l\u00ednea, el mandatario analiz\u00f3 \u201cla importancia de seguir proveyendo de infraestructura para la producci\u00f3n y la exportaci\u00f3n a las distintas cadenas productivas en la provincia, porque es lo que va a ayudar a reducir realmente la estructura de costos y volver m\u00e1s competitivos nuestros productos\u201d, y subray\u00f3 que \u201cterminaron los trabajos y ya se encuentra operativo el sistema de riego citr\u00edcola de Villa del Rosario, que le dar\u00e1 mayor rendimiento, estabilidad y calidad al cultivo en esa zona\u201d.<\/p>\n<p>&nbsp;<\/p>\n<p>Por otra parte, Bordet reiter\u00f3 \u201cla importancia de participar de este tipo de encuentros, en los que podemos intercambiar con l\u00edderes mundiales, establecer lazos y oportunidades de negocios\u201d.<\/p>\n<p>&nbsp;<\/p>\n<p>\u201cSoy un convencido de que Entre R\u00edos tiene un potencial enorme en t\u00e9rminos productivos y de desarrollo. No s\u00f3lo por su tradici\u00f3n como productora de alimentos, y en rubros muy variados, sino porque ese proceso ha sido acompa\u00f1ado con el esfuerzo de un sector privado muy comprometido, que ha invertido en tecnolog\u00eda logrando mayores escalas de producci\u00f3n, lo que nos permite liderar muchas de las cadenas productivas del pa\u00eds\u201d, remarc\u00f3.<\/p>\n<p>&nbsp;<\/p>\n<p>\u201cPor eso desde la provincia hemos decidi\u00f3 acompa\u00f1ar ese proceso reduciendo aquellos impuestos que resultaban distorsivos, ordenando las cuentas p\u00fablicas y transparentando al Estado provincial\u201d, continu\u00f3 Bordet y valor\u00f3 \u201cesta oportunidad de di\u00e1logo con empresarios de todo el mundo nos permiten crear m\u00e1s y mejores condiciones para la concreci\u00f3n de proyectos e inversiones que representan generaci\u00f3n de trabajo y bienestar para nuestra gente\u201d.<\/p>\n","protected":false},"excerpt":{"rendered":"<p>El gobernador Gustavo Bordet se reuni\u00f3 con el CEO de Coca Cola, James Quincey, y el presidente Mauricio Macri, en Davos, para avanzar en la exportaci\u00f3n de c\u00edtricos entrerrianos. \u201cFue una reuni\u00f3n muy positiva que tendr\u00e1 consecuencias beneficiosas para la producci\u00f3n citr\u00edcola en Entre R\u00edos\u201d, expres\u00f3 &nbsp; &nbsp; &nbsp; &nbsp; Bordet acompa\u00f1\u00f3 a las m\u00e1ximas autoridades de nuestro pa\u00eds en una ronda de reuniones con l\u00edderes y empresarios internacionales en la Casa Argentina en Davos, en la v\u00edspera del inicio del Foro Econ\u00f3mico Mundial que tendr\u00e1 lugar el jueves. &nbsp;&#8230;<\/p>\n","protected":false},"author":3,"featured_media":22650,"comment_status":"closed","ping_status":"closed","sticky":false,"template":"","format":"standard","meta":[],"categories":[9,15],"tags":[],"_links":{"self":[{"href":"https:\/\/www.actualidadadiario.com\/index.php\/wp-json\/wp\/v2\/posts\/22649"}],"collection":[{"href":"https:\/\/www.actualidadadiario.com\/index.php\/wp-json\/wp\/v2\/posts"}],"about":[{"href":"https:\/\/www.actualidadadiario.com\/index.php\/wp-json\/wp\/v2\/types\/post"}],"author":[{"embeddable":true,"href":"https:\/\/www.actualidadadiario.com\/index.php\/wp-json\/wp\/v2\/users\/3"}],"replies":[{"embeddable":true,"href":"https:\/\/www.actualidadadiario.com\/index.php\/wp-json\/wp\/v2\/comments?post=22649"}],"version-history":[{"count":1,"href":"https:\/\/www.actualidadadiario.com\/index.php\/wp-json\/wp\/v2\/posts\/22649\/revisions"}],"predecessor-version":[{"id":22651,"href":"https:\/\/www.actualidadadiario.com\/index.php\/wp-json\/wp\/v2\/posts\/22649\/revisions\/22651"}],"wp:featuredmedia":[{"embeddable":true,"href":"https:\/\/www.actualidadadiario.com\/index.php\/wp-json\/wp\/v2\/media\/22650"}],"wp:attachment":[{"href":"https:\/\/www.actualidadadiario.com\/index.php\/wp-json\/wp\/v2\/media?parent=22649"}],"wp:term":[{"taxonomy":"category","embeddable":true,"href":"https:\/\/www.actualidadadiario.com\/index.php\/wp-json\/wp\/v2\/categories?post=22649"},{"taxonomy":"post_tag","embeddable":true,"href":"https:\/\/www.actualidadadiario.com\/index.php\/wp-json\/wp\/v2\/tags?post=22649"}],"curies":[{"name":"wp","href":"https:\/\/api.w.org\/{rel}","templated":true}]}}