{"id":22643,"date":"2018-01-25T11:50:57","date_gmt":"2018-01-25T14:50:57","guid":{"rendered":"http:\/\/actualidadadiario.com\/site\/?p=22643"},"modified":"2018-11-06T19:51:54","modified_gmt":"2018-11-06T22:51:54","slug":"proyectan-mejoras-viales-en-el-acceso-a-chajari-y-villa-del-rosario","status":"publish","type":"post","link":"https:\/\/www.actualidadadiario.com\/index.php\/2018\/01\/25\/proyectan-mejoras-viales-en-el-acceso-a-chajari-y-villa-del-rosario\/","title":{"rendered":"Proyectan mejoras viales en el acceso a Chajari y Villa del Rosario"},"content":{"rendered":"<p><em><strong>Analizan futuras tareas en el acceso a Chajari y Villa del Rosario, departamento Federaci\u00f3n. Las obras ayudar\u00edan a mejorar la transitabilidad de esas localidades y potenciar\u00edan el turismo<\/strong><\/em><\/p>\n<p>&nbsp;<\/p>\n<p>&nbsp;<\/p>\n<p>&nbsp;<\/p>\n<p>Del encuentro participaron el secretario coordinar t\u00e9cnico de Vialidad Provincial, Miguel Feltes; el director de Estudios y Proyectos de esa repartici\u00f3n, Gerardo Driussi; el intendente de Chajar\u00ed Pedro Galimberti y el secretario de Obras P\u00fablicas de esa comuna, Luis Bognano.<\/p>\n<p>&nbsp;<\/p>\n<p>El secretario coordinador T\u00e9cnico de la Direcci\u00f3n Provincial de Vialidad (DPV), Miguel Feltes, se reuni\u00f3 con el intendente de Chajari, Pedro Galimberti, con el fin de analizar y proyectar trabajos de bacheo en el acceso a dicha localidad del departamento Federaci\u00f3n.<\/p>\n<p>&nbsp;<\/p>\n<p>Tambi\u00e9n se diagramaron obras similares en el acceso a Villa del Rosario. Los trabajos ayudar\u00edan a mejorar la transitabilidad de los ciudadanos y potenciar el turismo de la zona, con sus complejos termales, playas, caba\u00f1as, naturaleza, entre otras.<\/p>\n<p>&nbsp;<\/p>\n<p>Del encuentro tambi\u00e9n participaron el director de Estudios y Proyectos de esa repartici\u00f3n, Gerardo Driussi; el intendente de Chajar\u00ed Pedro Galimberti y el secretario de Obras P\u00fablicas de esa comuna, Luis Bognano.<\/p>\n<p>&nbsp;<\/p>\n<p>\u201cEs muy positivo que se haya hecho presente la gente de Vialidad, a trav\u00e9s de Miguel Feltes y su equipo de trabajo, m\u00e1s el jefe zonal de Vialidad, Franco Panozzo. Con ellos estuvimos viendo y analizando la avenida Padre Miguel Gallay, la cual es muy importante para todos nosotros, porque es el ingreso o egreso a nuestra ciudad\u201d, declar\u00f3 Galimberti. A lo que agreg\u00f3: \u201cSe van a comenzar a ejecutar trabajos de laboratorio y dise\u00f1o final del proyecto para recuperar este enlace vial\u201d.<\/p>\n<p>&nbsp;<\/p>\n<p>A su vez, el intendente hizo referencia a los beneficios que les propiciar\u00edan los trabajos y expres\u00f3: \u201cLos arreglos son necesarios para cualquier actividad. Es una arteria fundamental para nosotros. Hay una circulaci\u00f3n constante ya que est\u00e1 el parque termal. Adem\u00e1s, nos conecta directamente con la RPN\u00ba 1 y las respectivas colonias de la zona, tambi\u00e9n con San Jaime. Esperamos concretar con el proyecto\u201d.<\/p>\n<p>&nbsp;<\/p>\n<p>&nbsp;<\/p>\n<p><strong>Ruta Provincial N\u00ba 1<\/strong><\/p>\n<p>La zonal realiza tareas de reposici\u00f3n de ripio (mil metros c\u00fabicos), levante, cuneteo, en aproximadamente dos kil\u00f3metros, desde la RNN\u00ba 14 hasta la Escuela ubicada en Paraje \u201cLas Catorce\u201d. Adem\u00e1s, contin\u00faan las obras para la nueva traza y el puente que se construir\u00e1 sobre arroyo Toledo. El mismo est\u00e1 proyectado de 70 metros lineales y 9 metros de ancho.<\/p>\n<p>&nbsp;<\/p>\n<p>Tambi\u00e9n, se recupera y repone ripio en diferentes puentes sobre RPN\u00ba 1 y en las Colonias, como Santa Juana, Las Margaritas, Santa Mar\u00eda, La Fraternidad, entre otras. En tanto, en Colonia Razetta se realiza limpieza de cunetas y alcantarillas.<\/p>\n","protected":false},"excerpt":{"rendered":"<p>Analizan futuras tareas en el acceso a Chajari y Villa del Rosario, departamento Federaci\u00f3n. Las obras ayudar\u00edan a mejorar la transitabilidad de esas localidades y potenciar\u00edan el turismo &nbsp; &nbsp; &nbsp; Del encuentro participaron el secretario coordinar t\u00e9cnico de Vialidad Provincial, Miguel Feltes; el director de Estudios y Proyectos de esa repartici\u00f3n, Gerardo Driussi; el intendente de Chajar\u00ed Pedro Galimberti y el secretario de Obras P\u00fablicas de esa comuna, Luis Bognano. &nbsp; El secretario coordinador T\u00e9cnico de la Direcci\u00f3n Provincial de Vialidad (DPV), Miguel Feltes, se reuni\u00f3 con el intendente&#8230;<\/p>\n","protected":false},"author":3,"featured_media":22644,"comment_status":"closed","ping_status":"closed","sticky":false,"template":"","format":"standard","meta":[],"categories":[15],"tags":[],"_links":{"self":[{"href":"https:\/\/www.actualidadadiario.com\/index.php\/wp-json\/wp\/v2\/posts\/22643"}],"collection":[{"href":"https:\/\/www.actualidadadiario.com\/index.php\/wp-json\/wp\/v2\/posts"}],"about":[{"href":"https:\/\/www.actualidadadiario.com\/index.php\/wp-json\/wp\/v2\/types\/post"}],"author":[{"embeddable":true,"href":"https:\/\/www.actualidadadiario.com\/index.php\/wp-json\/wp\/v2\/users\/3"}],"replies":[{"embeddable":true,"href":"https:\/\/www.actualidadadiario.com\/index.php\/wp-json\/wp\/v2\/comments?post=22643"}],"version-history":[{"count":1,"href":"https:\/\/www.actualidadadiario.com\/index.php\/wp-json\/wp\/v2\/posts\/22643\/revisions"}],"predecessor-version":[{"id":22645,"href":"https:\/\/www.actualidadadiario.com\/index.php\/wp-json\/wp\/v2\/posts\/22643\/revisions\/22645"}],"wp:featuredmedia":[{"embeddable":true,"href":"https:\/\/www.actualidadadiario.com\/index.php\/wp-json\/wp\/v2\/media\/22644"}],"wp:attachment":[{"href":"https:\/\/www.actualidadadiario.com\/index.php\/wp-json\/wp\/v2\/media?parent=22643"}],"wp:term":[{"taxonomy":"category","embeddable":true,"href":"https:\/\/www.actualidadadiario.com\/index.php\/wp-json\/wp\/v2\/categories?post=22643"},{"taxonomy":"post_tag","embeddable":true,"href":"https:\/\/www.actualidadadiario.com\/index.php\/wp-json\/wp\/v2\/tags?post=22643"}],"curies":[{"name":"wp","href":"https:\/\/api.w.org\/{rel}","templated":true}]}}