{"id":22639,"date":"2018-01-23T12:26:49","date_gmt":"2018-01-23T15:26:49","guid":{"rendered":"http:\/\/actualidadadiario.com\/site\/?p=22639"},"modified":"2018-11-06T19:48:06","modified_gmt":"2018-11-06T22:48:06","slug":"cambio-historico-en-los-mundiales-la-fifa-confirmo-la-utilizacion-del-var-en-rusia-2018","status":"publish","type":"post","link":"https:\/\/www.actualidadadiario.com\/index.php\/2018\/01\/23\/cambio-historico-en-los-mundiales-la-fifa-confirmo-la-utilizacion-del-var-en-rusia-2018\/","title":{"rendered":"Cambio hist\u00f3rico en los Mundiales: la FIFA confirm\u00f3 la utilizaci\u00f3n del VAR en Rusia 2018"},"content":{"rendered":"<p><em><strong>La FIFA adelant\u00f3 este lunes, a trav\u00e9s de su director comercial, Philippe Le Floc&#8217;h, que pretende utilizar el sistema de asistencia arbitral (VAR) en el pr\u00f3ximo Mundial de Rusia<\/strong><\/em><\/p>\n<p>&nbsp;<\/p>\n<p>&nbsp;<\/p>\n<p>&nbsp;<\/p>\n<p>&#8220;Definitivamente el VAR llegar\u00e1 a Rusia. Creo que es genial tener tecnolog\u00eda en el f\u00fatbol porque lo hace m\u00e1s justo&#8221;, manifest\u00f3 Philippe Le Floc\u2019h, director comercial de FIFA.<\/p>\n<p>&nbsp;<\/p>\n<p>&#8220;Estamos hablando con varias compa\u00f1\u00edas tecnol\u00f3gicas que est\u00e1n muy interesadas en lo que estamos haciendo&#8221;, agreg\u00f3 el dirigente de FIFA que encabez\u00f3 el inicio de la gira del trofeo de la Copa del Mundo.<\/p>\n<p>&nbsp;<\/p>\n<p>Este fue el primer adelanto oficial de la FIFA con respecto a la utilizaci\u00f3n por primera vez del videoarbitraje en un Mundial.<\/p>\n<p>&nbsp;<\/p>\n<p>Mientras tanto, secretario general adjunto de la FIFA, el croata Zvonimir Boban, presidi\u00f3 la reuni\u00f3n anual de la International Football Board (IFAB), entidad responsable de las reglas del juego, que present\u00f3 un favorable estudio de an\u00e1lisis al VAR.<\/p>\n<p>&nbsp;<\/p>\n<p>El informe elaborado por la Universidad KU Leuven de B\u00e9lgica hecho para la IFAB determin\u00f3 que la exactitud de las decisiones con la aplicaci\u00f3n del VAR (sistema de videoarbitraje) es del 98,9 por ciento y el tiempo perdido de juego por su utilizaci\u00f3n representa menos del uno por ciento en los partidos.<\/p>\n<p>&nbsp;<\/p>\n<p>El anuncio oficial del posible debut del VAR en Rusia ser\u00e1 en la Asamblea General Anual de la IFAB que se desarrollar\u00e1 el pr\u00f3ximo 3 de marzo y ser\u00e1 presidida por el presidente de la FIFA, el suizo Gianni Infantino.<\/p>\n","protected":false},"excerpt":{"rendered":"<p>La FIFA adelant\u00f3 este lunes, a trav\u00e9s de su director comercial, Philippe Le Floc&#8217;h, que pretende utilizar el sistema de asistencia arbitral (VAR) en el pr\u00f3ximo Mundial de Rusia &nbsp; &nbsp; &nbsp; &#8220;Definitivamente el VAR llegar\u00e1 a Rusia. Creo que es genial tener tecnolog\u00eda en el f\u00fatbol porque lo hace m\u00e1s justo&#8221;, manifest\u00f3 Philippe Le Floc\u2019h, director comercial de FIFA. &nbsp; &#8220;Estamos hablando con varias compa\u00f1\u00edas tecnol\u00f3gicas que est\u00e1n muy interesadas en lo que estamos haciendo&#8221;, agreg\u00f3 el dirigente de FIFA que encabez\u00f3 el inicio de la gira del trofeo&#8230;<\/p>\n","protected":false},"author":3,"featured_media":22640,"comment_status":"closed","ping_status":"closed","sticky":false,"template":"","format":"standard","meta":[],"categories":[4],"tags":[],"_links":{"self":[{"href":"https:\/\/www.actualidadadiario.com\/index.php\/wp-json\/wp\/v2\/posts\/22639"}],"collection":[{"href":"https:\/\/www.actualidadadiario.com\/index.php\/wp-json\/wp\/v2\/posts"}],"about":[{"href":"https:\/\/www.actualidadadiario.com\/index.php\/wp-json\/wp\/v2\/types\/post"}],"author":[{"embeddable":true,"href":"https:\/\/www.actualidadadiario.com\/index.php\/wp-json\/wp\/v2\/users\/3"}],"replies":[{"embeddable":true,"href":"https:\/\/www.actualidadadiario.com\/index.php\/wp-json\/wp\/v2\/comments?post=22639"}],"version-history":[{"count":1,"href":"https:\/\/www.actualidadadiario.com\/index.php\/wp-json\/wp\/v2\/posts\/22639\/revisions"}],"predecessor-version":[{"id":22641,"href":"https:\/\/www.actualidadadiario.com\/index.php\/wp-json\/wp\/v2\/posts\/22639\/revisions\/22641"}],"wp:featuredmedia":[{"embeddable":true,"href":"https:\/\/www.actualidadadiario.com\/index.php\/wp-json\/wp\/v2\/media\/22640"}],"wp:attachment":[{"href":"https:\/\/www.actualidadadiario.com\/index.php\/wp-json\/wp\/v2\/media?parent=22639"}],"wp:term":[{"taxonomy":"category","embeddable":true,"href":"https:\/\/www.actualidadadiario.com\/index.php\/wp-json\/wp\/v2\/categories?post=22639"},{"taxonomy":"post_tag","embeddable":true,"href":"https:\/\/www.actualidadadiario.com\/index.php\/wp-json\/wp\/v2\/tags?post=22639"}],"curies":[{"name":"wp","href":"https:\/\/api.w.org\/{rel}","templated":true}]}}