{"id":22636,"date":"2018-01-23T12:25:48","date_gmt":"2018-01-23T15:25:48","guid":{"rendered":"http:\/\/actualidadadiario.com\/site\/?p=22636"},"modified":"2018-11-06T19:51:02","modified_gmt":"2018-11-06T22:51:02","slug":"lula-presento-otra-apelacion-la-ultima-carta-antes-del-fallo-que-decidira-su-futuro-politico","status":"publish","type":"post","link":"https:\/\/www.actualidadadiario.com\/index.php\/2018\/01\/23\/lula-presento-otra-apelacion-la-ultima-carta-antes-del-fallo-que-decidira-su-futuro-politico\/","title":{"rendered":"Lula present\u00f3 otra apelaci\u00f3n, la \u00faltima carta antes del fallo que decidir\u00e1 su futuro pol\u00edtico"},"content":{"rendered":"<p><em><b>El ex presidente\u00a0brasile\u00f1o Luiz In\u00e1cio Lula da Silva ir\u00e1 hoy a Porto Alegre, un d\u00eda antes de que la ciudad sure\u00f1a acoja bajo grandes medidas de seguridad el juicio en apelaci\u00f3n que podr\u00eda complicar su candidatura a las elecciones de octubre<\/b><\/em><\/p>\n<p>&nbsp;<\/p>\n<p>&nbsp;<\/p>\n<p>&nbsp;<\/p>\n<p>&nbsp;<\/p>\n<p>&#8220;Estoy yendo a Porto Alegre para agradecer la solidaridad del pueblo que est\u00e1 all\u00ed manifest\u00e1ndose&#8221;, anunci\u00f3 el exmandatario.<\/p>\n<p>&nbsp;<\/p>\n<p>Los abogados de Lula presentaron su \u00faltimo pedido de inocencia ante la c\u00e1mara de apelaciones, en el cual alegan que presentaron pruebas para demostrar la inocencia del ex mandatario pero tambi\u00e9n piden la prescripci\u00f3n de la causa, datada en 2009 por la fiscal\u00eda.<\/p>\n<p>&nbsp;<\/p>\n<p>Esta presentaci\u00f3n es una formalidad &#8220;pero apunta a convencer con argumentos, presentado pruebas de inocencia, a los magistrados&#8221;, dijo el abogado de Lula, Cristiano Zanin Martins.<\/p>\n<p>&nbsp;<\/p>\n<p>A la cabeza de todas las encuestas para las elecciones presidenciales de octubre, deber\u00eda seguir el juicio desde San Pablo.<\/p>\n<p>&nbsp;<\/p>\n<p>Desde el fin de semana, empezaron a llegar a la capital de Rio Grande do Sul autobuses con seguidores del l\u00edder de la izquierda y este lunes miembros del Movimiento de trabajadores rurales Sin Tierra (MST) realizaron una marcha de unos 8 km y montaron un gran campamento en la ciudad.<\/p>\n<p>&nbsp;<\/p>\n<p>Este martes por la ma\u00f1ana est\u00e1 previsto un acto de mujeres a favor de Lula, en el que se espera la participaci\u00f3n de la destituida Dilma Rousseff.<\/p>\n<p>&nbsp;<\/p>\n<p>El juicio a Lula genera una gran expectativa y temores de enfrentamientos. El gobierno de Rio Grande do Sul anunci\u00f3 un dispositivo especial de seguridad con apoyo de embarcaciones y helic\u00f3pteros de la Brigada Militar en torno al tribunal de apelaciones, contiguo a un r\u00edo, que tendr\u00e1 un bloqueo perimetral terrestre, a\u00e9reo y naval.<\/p>\n<p>&nbsp;<\/p>\n<p>El alcalde de Porto Alegre lleg\u00f3 a pedir el apoyo del ej\u00e9rcito, teniendo en cuenta que grupos de derecha tambi\u00e9n prev\u00e9n organizar concentraciones contra Lula ese d\u00eda.<\/p>\n<p>&nbsp;<\/p>\n<p>&#8220;Estoy muy tranquilo, muy tranquilo, pero estoy herido porque ellos [sus acusadores] no tienen derecho de contar esa cantidad de mentiras&#8221;, afirm\u00f3 Lula.<\/p>\n<p>&nbsp;<\/p>\n<p>El expresidente dijo que, aunque &#8220;no hay pruebas&#8221; contra \u00e9l, seguramente no ser\u00e1 ni la primera ni la \u00faltima &#8220;v\u00edctima&#8221; de los jueces brasile\u00f1os.<\/p>\n<p>&nbsp;<\/p>\n<p>&#8220;Esperar\u00e9 tranquilamente el resultado. Y voy a recurrir cualquiera que sea el resultado, recurrir\u00e9&#8221;, adelant\u00f3, anunciando que el pr\u00f3ximo 27 de febrero iniciar\u00e1 una nueva caravana de precampa\u00f1a por el sur del pa\u00eds.<\/p>\n<p>&nbsp;<\/p>\n<p>Lula, de 72 a\u00f1os, quien fue el presidente m\u00e1s popular de la historia moderna de Brasil, fue condenado en julio a nueve a\u00f1os y medio de c\u00e1rcel como beneficiario de un apartamento en el balneario paulista de Guaruj\u00e1, ofrendado por la constructora OAS a cambio de contratos en la estatal Petrobras.<\/p>\n<p>&nbsp;<\/p>\n<p>El tribunal de apelaciones en Porto Alegre decidir\u00e1 si ratifica esa condena, que podr\u00eda acercar al \u00edcono de la izquierda a la c\u00e1rcel y a una invalidaci\u00f3n de su eventual candidatura. Aunque en principio podr\u00e1 seguir libre y hacer campa\u00f1a hasta agotar los recursos ante cortes penales y electorales.<\/p>\n","protected":false},"excerpt":{"rendered":"<p>El ex presidente\u00a0brasile\u00f1o Luiz In\u00e1cio Lula da Silva ir\u00e1 hoy a Porto Alegre, un d\u00eda antes de que la ciudad sure\u00f1a acoja bajo grandes medidas de seguridad el juicio en apelaci\u00f3n que podr\u00eda complicar su candidatura a las elecciones de octubre &nbsp; &nbsp; &nbsp; &nbsp; &#8220;Estoy yendo a Porto Alegre para agradecer la solidaridad del pueblo que est\u00e1 all\u00ed manifest\u00e1ndose&#8221;, anunci\u00f3 el exmandatario. &nbsp; Los abogados de Lula presentaron su \u00faltimo pedido de inocencia ante la c\u00e1mara de apelaciones, en el cual alegan que presentaron pruebas para demostrar la inocencia&#8230;<\/p>\n","protected":false},"author":3,"featured_media":22637,"comment_status":"closed","ping_status":"closed","sticky":false,"template":"","format":"standard","meta":[],"categories":[4],"tags":[],"_links":{"self":[{"href":"https:\/\/www.actualidadadiario.com\/index.php\/wp-json\/wp\/v2\/posts\/22636"}],"collection":[{"href":"https:\/\/www.actualidadadiario.com\/index.php\/wp-json\/wp\/v2\/posts"}],"about":[{"href":"https:\/\/www.actualidadadiario.com\/index.php\/wp-json\/wp\/v2\/types\/post"}],"author":[{"embeddable":true,"href":"https:\/\/www.actualidadadiario.com\/index.php\/wp-json\/wp\/v2\/users\/3"}],"replies":[{"embeddable":true,"href":"https:\/\/www.actualidadadiario.com\/index.php\/wp-json\/wp\/v2\/comments?post=22636"}],"version-history":[{"count":1,"href":"https:\/\/www.actualidadadiario.com\/index.php\/wp-json\/wp\/v2\/posts\/22636\/revisions"}],"predecessor-version":[{"id":22638,"href":"https:\/\/www.actualidadadiario.com\/index.php\/wp-json\/wp\/v2\/posts\/22636\/revisions\/22638"}],"wp:featuredmedia":[{"embeddable":true,"href":"https:\/\/www.actualidadadiario.com\/index.php\/wp-json\/wp\/v2\/media\/22637"}],"wp:attachment":[{"href":"https:\/\/www.actualidadadiario.com\/index.php\/wp-json\/wp\/v2\/media?parent=22636"}],"wp:term":[{"taxonomy":"category","embeddable":true,"href":"https:\/\/www.actualidadadiario.com\/index.php\/wp-json\/wp\/v2\/categories?post=22636"},{"taxonomy":"post_tag","embeddable":true,"href":"https:\/\/www.actualidadadiario.com\/index.php\/wp-json\/wp\/v2\/tags?post=22636"}],"curies":[{"name":"wp","href":"https:\/\/api.w.org\/{rel}","templated":true}]}}