{"id":22627,"date":"2018-01-23T12:22:55","date_gmt":"2018-01-23T15:22:55","guid":{"rendered":"http:\/\/actualidadadiario.com\/site\/?p=22627"},"modified":"2018-11-06T19:49:54","modified_gmt":"2018-11-06T22:49:54","slug":"francisco-pidio-perdon-por-haber-exigido-pruebas-a-las-victimas-de-curas-violadores","status":"publish","type":"post","link":"https:\/\/www.actualidadadiario.com\/index.php\/2018\/01\/23\/francisco-pidio-perdon-por-haber-exigido-pruebas-a-las-victimas-de-curas-violadores\/","title":{"rendered":"Francisco pidi\u00f3 perd\u00f3n por haber exigido pruebas a las v\u00edctimas de curas violadores"},"content":{"rendered":"<p><em><strong>El Papa intent\u00f3 de esta forma dejar atr\u00e1s la pol\u00e9mica por sus dichos en Chile, donde refut\u00f3 las acusaciones contra un sacerdote de ese pa\u00eds<\/strong><\/em><\/p>\n<p>&nbsp;<\/p>\n<p>&nbsp;<\/p>\n<p>&nbsp;<\/p>\n<p>&#8220;La palabra prueba me traicion\u00f3&#8221;, dijo el papa Francisco a la prensa que lo acompa\u00f1\u00f3 en el viaje de vuelta desde Lima, tras la breve gira que lo llev\u00f3 por Chile y Per\u00fa, y que le depar\u00f3 fuertes cr\u00edticas por la forma en que se refiri\u00f3 a las v\u00edctimas de abusos sexuales clericales en el pa\u00eds trasandino.<\/p>\n<p>&nbsp;<\/p>\n<p>&#8220;S\u00e9 que hay mucha gente abusada que no puede traer una prueba, no la tiene. O la tiene, y lo tapa por verg\u00fcenza. El drama de los abusados es tremendo. La palabra no era la mejor para acercarme a un coraz\u00f3n dolorido. Pido perd\u00f3n, la palabra ha herido a tantos abusados&#8221;, se\u00f1al\u00f3 el Pont\u00edfice sobre sus dichos, que fueron severamente criticados por el cardenal Sean O\u00b4Malley, designado por el propio Francisco para encabezar la comisi\u00f3n contra la pederast\u00eda.<\/p>\n<p>&nbsp;<\/p>\n<p>&#8220;S\u00e9 lo que sufren y escuchar que el Papa te dice que le lleves una prueba, es una bofetada. Y ahora me doy cuenta que mi expresi\u00f3n no ha sido afortunada. Entiendo el incendio que se ha creado&#8221;, concluy\u00f3 no sin antes referirse puntual al caso que envuelve al obispo acusado de encubrir a los curas abusadores, Juan Barros. &#8220;Se quedar\u00e1 ah\u00ed si yo no tengo evidencias, y hay muchas maneras de llegar a evidencias. \u00bfest\u00e1 claro?&#8221;, resumi\u00f3.<\/p>\n<p>&nbsp;<\/p>\n<p>La situaci\u00f3n surgi\u00f3 el \u00faltimo d\u00eda de la gira del Papa por Chile. Durante su visita a la ciudad de Iquique, un periodista lo inquiri\u00f3 sobre el caso de los abusos clericales. Visiblemente molesto, dispar\u00f3: &#8220;El d\u00eda que presenten una prueba contra el obispo Barros hablar\u00e9. No hay ninguna. Todo es calumnia. \u00bfQueda claro?\u201d. La contestaci\u00f3n provoc\u00f3 una cr\u00edtica un\u00e1nime de las v\u00edctimas y la del mencionado O&#8217;Malley, quien se\u00f1al\u00f3 que las palabras de Bergoglio &#8220;abandonan a quienes han sufrido reprobables violaciones a su dignidad humana y relegan a los sobrevivientes al exilio desacreditado&#8221;.<\/p>\n<p>&nbsp;<\/p>\n<p>Sobre la carta del cr\u00edtico cardenal, el Pont\u00edfice dijo agradecerla, aunque reforz\u00f3 lo que aparece como una defensa del cuestionado Barros: &#8220;Si uno dice con insistencia una cosa sin evidencias, eso es calumnia. Yo no he o\u00eddo ninguna v\u00edctima de Barros, no han venido, no han dado las evidencias para el juicio. Es algo que est\u00e1 en el aire, no se puede tomar as\u00ed&#8221;.<\/p>\n","protected":false},"excerpt":{"rendered":"<p>El Papa intent\u00f3 de esta forma dejar atr\u00e1s la pol\u00e9mica por sus dichos en Chile, donde refut\u00f3 las acusaciones contra un sacerdote de ese pa\u00eds &nbsp; &nbsp; &nbsp; &#8220;La palabra prueba me traicion\u00f3&#8221;, dijo el papa Francisco a la prensa que lo acompa\u00f1\u00f3 en el viaje de vuelta desde Lima, tras la breve gira que lo llev\u00f3 por Chile y Per\u00fa, y que le depar\u00f3 fuertes cr\u00edticas por la forma en que se refiri\u00f3 a las v\u00edctimas de abusos sexuales clericales en el pa\u00eds trasandino. &nbsp; &#8220;S\u00e9 que hay mucha&#8230;<\/p>\n","protected":false},"author":3,"featured_media":22628,"comment_status":"closed","ping_status":"closed","sticky":false,"template":"","format":"standard","meta":[],"categories":[4],"tags":[],"_links":{"self":[{"href":"https:\/\/www.actualidadadiario.com\/index.php\/wp-json\/wp\/v2\/posts\/22627"}],"collection":[{"href":"https:\/\/www.actualidadadiario.com\/index.php\/wp-json\/wp\/v2\/posts"}],"about":[{"href":"https:\/\/www.actualidadadiario.com\/index.php\/wp-json\/wp\/v2\/types\/post"}],"author":[{"embeddable":true,"href":"https:\/\/www.actualidadadiario.com\/index.php\/wp-json\/wp\/v2\/users\/3"}],"replies":[{"embeddable":true,"href":"https:\/\/www.actualidadadiario.com\/index.php\/wp-json\/wp\/v2\/comments?post=22627"}],"version-history":[{"count":1,"href":"https:\/\/www.actualidadadiario.com\/index.php\/wp-json\/wp\/v2\/posts\/22627\/revisions"}],"predecessor-version":[{"id":22629,"href":"https:\/\/www.actualidadadiario.com\/index.php\/wp-json\/wp\/v2\/posts\/22627\/revisions\/22629"}],"wp:featuredmedia":[{"embeddable":true,"href":"https:\/\/www.actualidadadiario.com\/index.php\/wp-json\/wp\/v2\/media\/22628"}],"wp:attachment":[{"href":"https:\/\/www.actualidadadiario.com\/index.php\/wp-json\/wp\/v2\/media?parent=22627"}],"wp:term":[{"taxonomy":"category","embeddable":true,"href":"https:\/\/www.actualidadadiario.com\/index.php\/wp-json\/wp\/v2\/categories?post=22627"},{"taxonomy":"post_tag","embeddable":true,"href":"https:\/\/www.actualidadadiario.com\/index.php\/wp-json\/wp\/v2\/tags?post=22627"}],"curies":[{"name":"wp","href":"https:\/\/api.w.org\/{rel}","templated":true}]}}