{"id":22618,"date":"2018-01-23T12:20:13","date_gmt":"2018-01-23T15:20:13","guid":{"rendered":"http:\/\/actualidadadiario.com\/site\/?p=22618"},"modified":"2018-11-06T19:51:35","modified_gmt":"2018-11-06T22:51:35","slug":"para-evitar-polemicas-la-reforma-laboral-arrancara-con-el-blanqueo","status":"publish","type":"post","link":"https:\/\/www.actualidadadiario.com\/index.php\/2018\/01\/23\/para-evitar-polemicas-la-reforma-laboral-arrancara-con-el-blanqueo\/","title":{"rendered":"Para evitar pol\u00e9micas, la reforma laboral arrancar\u00e1 con el blanqueo"},"content":{"rendered":"<p><em><strong>Por ahora, no habr\u00e1 cambios en las indemnizaciones. Es porque se decidi\u00f3 dividir la ley original<\/strong><\/em><\/p>\n<p>&nbsp;<\/p>\n<p>&nbsp;<\/p>\n<p>&nbsp;<\/p>\n<p>D\u00edas atr\u00e1s, al confirmar que no habr\u00eda convocatoria a sesiones extraordinarias, el jefe de Gabinete, Marcos Pe\u00f1a, envi\u00f3 la primera se\u00f1al concreta de que el Gobierno estaba dispuesto a hacer concesiones para avanzar con la reforma laboral y adelant\u00f3 que analizaba la posibilidad de dividir el proyecto original que fue al Senado &#8220;en varias leyes&#8221; y priorizar los puntos que m\u00e1s consenso tienen. As\u00ed, con el objetivo de aprobar el blanqueo laboral, en una primera etapa de debate, el Ejecutivo est\u00e1 dispuesto a resignar puntos clave que, si bien hab\u00edan sido convalidados por los jefes de la CGT en noviembre, despertaban fuertes cuestionamientos en un sector de los gremios y divid\u00edan a la oposici\u00f3n.<\/p>\n<p>&nbsp;<\/p>\n<p>Seg\u00fan indicaron altas fuentes oficiales, la Casa Rosada buscar\u00eda avanzar en un proyecto con tres ejes: el blanqueo laboral, la creaci\u00f3n de la Agencia Nacional de Evaluaci\u00f3n de Tecnolog\u00edas de Salud y la implementaci\u00f3n de un Sistema de Pr\u00e1cticas Formativas. La propuesta va en l\u00ednea con las declaraciones que realiz\u00f3 el s\u00e1bado H\u00e9ctor Daer, quien record\u00f3 que la CGT obrera ven\u00eda &#8220;tratando 3 temas de los 4 que toma el paquete (de reforma laboral) que se propuso: el blanqueo laboral, la formaci\u00f3n profesional y la agencia de tecnolog\u00eda m\u00e9dica&#8221;.<\/p>\n<p>&nbsp;<\/p>\n<p>En efecto, aunque tambi\u00e9n es resistido por los gremios m\u00e1s cr\u00edticos, el blanqueo es uno de los puntos que m\u00e1s consenso gener\u00f3. Con m\u00e1s de 4 millones de trabajadores en negro, propone que los empleadores regularicen a sus trabajadores, a cambio de una condonaci\u00f3n de deuda y de evitar acciones penales, infracciones y multas.<\/p>\n<p>&nbsp;<\/p>\n<p>Lo mismo ocurre con la capacitaci\u00f3n y las pasant\u00edas. La soluci\u00f3n que encontr\u00f3 el Gobierno con los gremios en noviembre fue establecer que no se pudiera superar los 12 meses de duraci\u00f3n ni las 30 horas de trabajo semanales. Igual, es un tema espinoso porque reaviva el sistema de los 90. La moneda de cambio que utilizar\u00eda el oficialismo ser\u00eda la creaci\u00f3n de la agencia de salud, un reclamo de la CGT para evitar la judicializaci\u00f3n de tratamientos rechazados por las obras sociales.<\/p>\n<p>&nbsp;<\/p>\n<p>De este modo, en esta primera etapa, el Gobierno aceptar\u00eda no hacer cambios en los puntos que rozan la ley de contrato de trabajo. En especial, el recorte en las indemnizaciones y los cambios en el principio de irrenunciabilidad, por el cual actualmente un trabajador no puede ser forzado a renunciar a sus actuales condiciones laborales.<\/p>\n<p>&nbsp;<\/p>\n<p>Tambi\u00e9n se dejar\u00eda afuera la figura del &#8220;trabajador independiente&#8221;, uno de los que m\u00e1s controversia suscit\u00f3 ya que prev\u00e9 que un trabajador independiente que cuente con la colaboraci\u00f3n de hasta 4 trabajadores para llevar adelante un emprendimiento podr\u00e1 acogerse a un r\u00e9gimen especial unificado que contemple un solo aporte mensual en concepto de seguridad social.<\/p>\n<p>&nbsp;<\/p>\n<p>En tanto, pondr\u00eda sobre la mesa de discusi\u00f3n, a consideraci\u00f3n de los gremios, la creaci\u00f3n del fondo de cese laboral. Este punto era objetado por algunos sectores porque contemplaba que los gremios -junto a las empresas- aportaran a un fondo con &#8220;el objeto de cubrir el preaviso despidos sin causa contempladas&#8221;<\/p>\n<p>&nbsp;<\/p>\n<p>De esta manera, el oficialismo pondr\u00eda en marcha su plan de desguazar el proyecto original para desterrar la idea de una gran reforma laboral, que lo emparenta, entienden en Balcarce 50, con la regresiva reforma laboral brasile\u00f1a. &#8220;Podr\u00edan ser dos o tres leyes&#8221;, especul\u00f3 un importante funcionario.<\/p>\n<p>&nbsp;<\/p>\n<p>Seg\u00fan se pudo, el ministro de Trabajo Jorge Triaca trasladar\u00e1 formalmente la propuesta a los gremios ni bien regrese de sus vacaciones, el pr\u00f3ximo lunes. Pero estar\u00e1 abierto, como ocurri\u00f3 en octubre, a cada planteo de los jefes sindicales. Con algunos, las charlas ir\u00e1n en simult\u00e1neo con el inicio de la negociaci\u00f3n paritaria.<\/p>\n<p>&nbsp;<\/p>\n<p>Las conversaciones en el Congreso quedar\u00e1n para m\u00e1s adelante: el jefe del bloque de senadores del PJ Miguel Pichetto ya le avis\u00f3 al ministro del Interior Rogelio Frigerio que sin el aval de los gremios el peronismo no apoyar\u00e1 el proyecto. A\u00fan pesa el temor que gener\u00f3 en su bancada las advertencias del secretario adjunto de Camioneros Pablo Moyano sobre una &#8220;nueva Banelco&#8221;, en alusi\u00f3n al esc\u00e1ndalo por las coimas durante el gobierno de Fernando de la R\u00faa. &#8220;Primero vamos a cerrar el tema con la CGT y despu\u00e9s los vamos a convocar&#8221;, indicaron desde Interior.<\/p>\n","protected":false},"excerpt":{"rendered":"<p>Por ahora, no habr\u00e1 cambios en las indemnizaciones. Es porque se decidi\u00f3 dividir la ley original &nbsp; &nbsp; &nbsp; D\u00edas atr\u00e1s, al confirmar que no habr\u00eda convocatoria a sesiones extraordinarias, el jefe de Gabinete, Marcos Pe\u00f1a, envi\u00f3 la primera se\u00f1al concreta de que el Gobierno estaba dispuesto a hacer concesiones para avanzar con la reforma laboral y adelant\u00f3 que analizaba la posibilidad de dividir el proyecto original que fue al Senado &#8220;en varias leyes&#8221; y priorizar los puntos que m\u00e1s consenso tienen. As\u00ed, con el objetivo de aprobar el blanqueo&#8230;<\/p>\n","protected":false},"author":3,"featured_media":22619,"comment_status":"closed","ping_status":"closed","sticky":false,"template":"","format":"standard","meta":[],"categories":[9,18],"tags":[],"_links":{"self":[{"href":"https:\/\/www.actualidadadiario.com\/index.php\/wp-json\/wp\/v2\/posts\/22618"}],"collection":[{"href":"https:\/\/www.actualidadadiario.com\/index.php\/wp-json\/wp\/v2\/posts"}],"about":[{"href":"https:\/\/www.actualidadadiario.com\/index.php\/wp-json\/wp\/v2\/types\/post"}],"author":[{"embeddable":true,"href":"https:\/\/www.actualidadadiario.com\/index.php\/wp-json\/wp\/v2\/users\/3"}],"replies":[{"embeddable":true,"href":"https:\/\/www.actualidadadiario.com\/index.php\/wp-json\/wp\/v2\/comments?post=22618"}],"version-history":[{"count":1,"href":"https:\/\/www.actualidadadiario.com\/index.php\/wp-json\/wp\/v2\/posts\/22618\/revisions"}],"predecessor-version":[{"id":22620,"href":"https:\/\/www.actualidadadiario.com\/index.php\/wp-json\/wp\/v2\/posts\/22618\/revisions\/22620"}],"wp:featuredmedia":[{"embeddable":true,"href":"https:\/\/www.actualidadadiario.com\/index.php\/wp-json\/wp\/v2\/media\/22619"}],"wp:attachment":[{"href":"https:\/\/www.actualidadadiario.com\/index.php\/wp-json\/wp\/v2\/media?parent=22618"}],"wp:term":[{"taxonomy":"category","embeddable":true,"href":"https:\/\/www.actualidadadiario.com\/index.php\/wp-json\/wp\/v2\/categories?post=22618"},{"taxonomy":"post_tag","embeddable":true,"href":"https:\/\/www.actualidadadiario.com\/index.php\/wp-json\/wp\/v2\/tags?post=22618"}],"curies":[{"name":"wp","href":"https:\/\/api.w.org\/{rel}","templated":true}]}}