{"id":22615,"date":"2018-01-23T12:19:21","date_gmt":"2018-01-23T15:19:21","guid":{"rendered":"http:\/\/actualidadadiario.com\/site\/?p=22615"},"modified":"2018-11-06T19:52:33","modified_gmt":"2018-11-06T22:52:33","slug":"tras-pedir-reconciliacion-con-la-dictadura-el-gobierno-inaugura-una-muestra-en-homenaje-al-golpista-aramburu","status":"publish","type":"post","link":"https:\/\/www.actualidadadiario.com\/index.php\/2018\/01\/23\/tras-pedir-reconciliacion-con-la-dictadura-el-gobierno-inaugura-una-muestra-en-homenaje-al-golpista-aramburu\/","title":{"rendered":"Tras pedir reconciliaci\u00f3n con la dictadura, el Gobierno inaugura una muestra en homenaje al golpista Aramburu"},"content":{"rendered":"<p><em><strong>Luego de que el jefe de la bancada de Cambiemos en Diputados, Nicol\u00e1s Massot, hablara sobre la necesidad de que el pueblo argentino se reconcilie con los genocidas de la \u00faltima dictadura, el ex Museo del Bicentenario incorpor\u00f3 un sector dedicado especialmente a uno de los mayores golpistas de la historia argentina<\/strong><\/em><\/p>\n<p>&nbsp;<\/p>\n<p>&nbsp;<\/p>\n<p>&nbsp;<\/p>\n<p>Despu\u00e9s de las pol\u00e9micas declaraciones del jefe de la bancada de Cambiemos en Diputados, Nicol\u00e1s Massot, hablara sobre la necesidad de que el pueblo argentino se reconcilie con los genocidas de la \u00faltima dictadura, el Museo del Bicentenario que funciona en Casa Rosada incorpor\u00f3 una muestra sobre uno de los mayores golpistas de la historia argentina, Pedro Eugenio Aramburu.<\/p>\n<p>&nbsp;<\/p>\n<p>&#8220;Con los a\u00f1os 70 hay que hacer como en Sud\u00e1frica y llamar a la reconciliaci\u00f3n&#8221;, sostuvo Massot, declaraciones que fueron duramente rechazadas por organismos de Derechos Humanos.<\/p>\n<p>&nbsp;<\/p>\n<p>En esa misma l\u00ednea, la Casa Rosada inaugur\u00f3 una vitrina del museo oficial dedicada especialmente al dictador que gobern\u00f3 la Argentina entre 1955 y 1958. En el homenaje que realiz\u00f3 el gobierno de Macri, a Aramburu se puede ver que en una placa el dictador ejecutado por Montoneros figura como &#8220;presidente&#8221;, sin diferenciarlo de quienes llegaron al poder por la v\u00eda constitucional.<\/p>\n<p>&nbsp;<\/p>\n<p>En un espacio bautizado como La rep\u00fablica condicionada se coloca una lista de quienes ejercieron la presidencia entre 1955 y 1983 y, en ese contexto, aparecen en una miusma l\u00ednea mandatarios como Arturo Illia y Juan Domingo Per\u00f3n (ambos ganadores de elecciones) en un mismo nivel que Jorge Rafael Videla, genocida y represor.<\/p>\n<p>&nbsp;<\/p>\n<p>Lo m\u00e1s grave, es que en ning\u00fan apartado de la muestra figura el hecho de que los mandatarios de facto mencionados llevaron adelante dictaduras.<\/p>\n","protected":false},"excerpt":{"rendered":"<p>Luego de que el jefe de la bancada de Cambiemos en Diputados, Nicol\u00e1s Massot, hablara sobre la necesidad de que el pueblo argentino se reconcilie con los genocidas de la \u00faltima dictadura, el ex Museo del Bicentenario incorpor\u00f3 un sector dedicado especialmente a uno de los mayores golpistas de la historia argentina &nbsp; &nbsp; &nbsp; Despu\u00e9s de las pol\u00e9micas declaraciones del jefe de la bancada de Cambiemos en Diputados, Nicol\u00e1s Massot, hablara sobre la necesidad de que el pueblo argentino se reconcilie con los genocidas de la \u00faltima dictadura, el&#8230;<\/p>\n","protected":false},"author":3,"featured_media":22616,"comment_status":"closed","ping_status":"closed","sticky":false,"template":"","format":"standard","meta":[],"categories":[18],"tags":[],"_links":{"self":[{"href":"https:\/\/www.actualidadadiario.com\/index.php\/wp-json\/wp\/v2\/posts\/22615"}],"collection":[{"href":"https:\/\/www.actualidadadiario.com\/index.php\/wp-json\/wp\/v2\/posts"}],"about":[{"href":"https:\/\/www.actualidadadiario.com\/index.php\/wp-json\/wp\/v2\/types\/post"}],"author":[{"embeddable":true,"href":"https:\/\/www.actualidadadiario.com\/index.php\/wp-json\/wp\/v2\/users\/3"}],"replies":[{"embeddable":true,"href":"https:\/\/www.actualidadadiario.com\/index.php\/wp-json\/wp\/v2\/comments?post=22615"}],"version-history":[{"count":1,"href":"https:\/\/www.actualidadadiario.com\/index.php\/wp-json\/wp\/v2\/posts\/22615\/revisions"}],"predecessor-version":[{"id":22617,"href":"https:\/\/www.actualidadadiario.com\/index.php\/wp-json\/wp\/v2\/posts\/22615\/revisions\/22617"}],"wp:featuredmedia":[{"embeddable":true,"href":"https:\/\/www.actualidadadiario.com\/index.php\/wp-json\/wp\/v2\/media\/22616"}],"wp:attachment":[{"href":"https:\/\/www.actualidadadiario.com\/index.php\/wp-json\/wp\/v2\/media?parent=22615"}],"wp:term":[{"taxonomy":"category","embeddable":true,"href":"https:\/\/www.actualidadadiario.com\/index.php\/wp-json\/wp\/v2\/categories?post=22615"},{"taxonomy":"post_tag","embeddable":true,"href":"https:\/\/www.actualidadadiario.com\/index.php\/wp-json\/wp\/v2\/tags?post=22615"}],"curies":[{"name":"wp","href":"https:\/\/api.w.org\/{rel}","templated":true}]}}