{"id":22612,"date":"2018-01-23T12:18:37","date_gmt":"2018-01-23T15:18:37","guid":{"rendered":"http:\/\/actualidadadiario.com\/site\/?p=22612"},"modified":"2018-11-06T19:51:02","modified_gmt":"2018-11-06T22:51:02","slug":"macri-aseguro-ante-empresarios-rusos-que-argentina-es-el-pais-con-mayor-potencialidad-de-crecimiento","status":"publish","type":"post","link":"https:\/\/www.actualidadadiario.com\/index.php\/2018\/01\/23\/macri-aseguro-ante-empresarios-rusos-que-argentina-es-el-pais-con-mayor-potencialidad-de-crecimiento\/","title":{"rendered":"Macri asegur\u00f3 ante empresarios rusos que Argentina es el pa\u00eds con &#8220;mayor potencialidad de crecimiento&#8221;"},"content":{"rendered":"<p><em><strong>El Presidente habl\u00f3 de las posibilidades para los sectores de energ\u00eda, infraestructura y agroindustria<\/strong><\/em><\/p>\n<p>&nbsp;<\/p>\n<p>&nbsp;<\/p>\n<p>&nbsp;<\/p>\n<p>&nbsp;<\/p>\n<p>&nbsp;<\/p>\n<p>En el segundo d\u00eda de su gira en Mosc\u00fa, el presidente Mauricio Macri se reuni\u00f3 con empresarios rusos en el Hotel Ritz Carlton, donde brind\u00f3 un discurso sobre las oportunidades que ofrece la Argentina.<\/p>\n<p>&nbsp;<\/p>\n<p>El Presidente afirm\u00f3 que el pa\u00eds tuvo &#8220;un cambio pol\u00edtico hace dos a\u00f1os, que le permiti\u00f3 alejarse de un r\u00e9gimen populista que habr\u00eda llevado a una crisis econ\u00f3mica&#8221;, y destac\u00f3 que el pa\u00eds ahora est\u00e1 &#8220;en el mejor momento, con una econom\u00eda ordenada&#8221;. &#8220;Venimos con la firme intenci\u00f3n de convencerlos de estrechar v\u00ednculos y aumentar la presencia de firmas tan importantes como la de ustedes en nuestros pa\u00eds&#8221;, asegur\u00f3.<\/p>\n<p>&nbsp;<\/p>\n<p>&#8220;No creo que haya pa\u00eds en el mundo con mayor potencialidad de crecimiento que Argentina&#8221; sentenci\u00f3 Macri. Asegur\u00f3 que el costo de vida en Argentina est\u00e1 en una espiral descendente y el objetivo de su Gobierno es llegar a una inflaci\u00f3n anual ed un d\u00edgito en 2019.<\/p>\n<p>&nbsp;<\/p>\n<p>Al hablar sobre las posibilidades de inversi\u00f3n para las empresas, Macri comenz\u00f3 destacando el sector energ\u00e9tico. Resalt\u00f3 el yacimiento de Vaca Muerta, el segundo m\u00e1s grande de gas no convencional del mundo, y las posibilidades de explotaci\u00f3n de fuentes offshore.<\/p>\n<p>&nbsp;<\/p>\n<p>&#8220;Adem\u00e1s tenemos el mineral m\u00e1s demandado en este momento que es el litio, varios proyectos en marcha y esperamos ser uno de los principales proveedores de ese mineral en unos cuatro o cinco a\u00f1os&#8221;, expres\u00f3.<\/p>\n<p>&nbsp;<\/p>\n<p>En cuanto a energ\u00edas renovables, destac\u00f3 que el Gobierno adjudic\u00f3 147 proyectos por algo m\u00e1s de 5 mil megawatts. &#8220;Tenemos la segunda reserva mundial de vientos en la Patagonia y una de las m\u00e1s importantes del mundo de energ\u00eda solar en el Norte&#8221;, remarc\u00f3.<\/p>\n<p>&nbsp;<\/p>\n<p>&#8220;Nuestro pa\u00eds es muy grande y tiene un atraso es infraestructura muy grande&#8221;, advirti\u00f3 el Presidente cuando habl\u00f3 de los &#8220;miles de d\u00f3lares invertidos en log\u00edstica, en autopistas, trenes, aeropuertos y trenes&#8221;<\/p>\n<p>&nbsp;<\/p>\n<p>&#8220;Hay enorme capacidad de trabajo conjunto y podemos aportar tecnolog\u00eda y desarrollo en Rusia para mejorar las t\u00e9cnicas de producci\u00f3n ac\u00e1. Creemos que esos sectores tienen enorme potencialidad y nos gustar\u00eda que nos acompa\u00f1asen&#8221;, puntualiz\u00f3.<\/p>\n<p>&nbsp;<\/p>\n<p>Macri estuvo acompa\u00f1ado por el canciller Jorge Faurie, los ministros de Miner\u00eda y Energ\u00eda, Juan Jos\u00e9 Aranguren, y de Agroindustria, Luis Etchevehere, el secretario de Asuntos Estrat\u00e9gicos, Fulvio Pompeo, el embajador en Rusia, Ricardo Lagorio y el vocer presidencial, Ivan Pavlovsky.<\/p>\n<p>&nbsp;<\/p>\n<p>A partir de las 9 (hora argentina), Mauricio Macri mantendr\u00e1 un encuentro con el presidente ruso Vladimir Putin, en el Kremlin.<\/p>\n<p>&nbsp;<\/p>\n<p>&nbsp;<\/p>\n<p><strong>Macri inaugur\u00f3 la Plaza Argentina en Mosc\u00fa<\/strong><\/p>\n<p>Macri encabez\u00f3 hoy la inauguraci\u00f3n de la Plaza Rep\u00fablica Argentina en Mosc\u00fa y deposit\u00f3 una ofrenda floral en la tumba del Soldado Desconocido, tras reunirse con empresarios locales en el marco su visita a Rusia.<\/p>\n<p>&nbsp;<\/p>\n<p>La plazoleta est\u00e1 ubicada en el centro de la capital, cerca de la embajada argentina, en la calle Zhitnaya, en el distrito de Yakimanka.<\/p>\n<p>&nbsp;<\/p>\n<p>Con una temperatura de 9 grados bajo cero que se reflejaba en la nieve que cubr\u00eda casi la totalidad del piso, el Presidente encabez\u00f3 el acto acompa\u00f1ado por su mujer, la primera dama Juliana Awada; los gobernadores de Entre R\u00edos, Gustavo Bordet, y de Misiones, Hugo Passalacqua; el embajador argentino en la Federaci\u00f3n de Rusia, Ricardo Lagorio; el prefecto de Yakimanka, Sergei Travkin, y otras autoridades de la comuna local.<\/p>\n<p>&nbsp;<\/p>\n<p>En un comunicado, Presidencia destac\u00f3 que \u201cse trata de un gesto de reciprocidad por parte de las autoridades rusas, ya que en septiembre del a\u00f1o pasado la ciudad de Buenos Aires se inaugur\u00f3 la plaza Federaci\u00f3n de Rusia, delimitada por las calles La Pampa, Casta\u00f1eda, Valent\u00edn Alsina y Dragones, en el barrio de Belgrano\u201d.<\/p>\n<p>&nbsp;<\/p>\n<p>Luego, el jefe de Estado se dirigi\u00f3 al Kremlin, y all\u00ed, frente al muro del Palacio, en el Jard\u00edn Alexander, coloc\u00f3 una ofrenda en la tumba del Soldado Desconocido, monumento dedicado a los soldados sovi\u00e9ticos ca\u00eddos en la Gran Guerra Patria.<\/p>\n","protected":false},"excerpt":{"rendered":"<p>El Presidente habl\u00f3 de las posibilidades para los sectores de energ\u00eda, infraestructura y agroindustria &nbsp; &nbsp; &nbsp; &nbsp; &nbsp; En el segundo d\u00eda de su gira en Mosc\u00fa, el presidente Mauricio Macri se reuni\u00f3 con empresarios rusos en el Hotel Ritz Carlton, donde brind\u00f3 un discurso sobre las oportunidades que ofrece la Argentina. &nbsp; El Presidente afirm\u00f3 que el pa\u00eds tuvo &#8220;un cambio pol\u00edtico hace dos a\u00f1os, que le permiti\u00f3 alejarse de un r\u00e9gimen populista que habr\u00eda llevado a una crisis econ\u00f3mica&#8221;, y destac\u00f3 que el pa\u00eds ahora est\u00e1 &#8220;en&#8230;<\/p>\n","protected":false},"author":3,"featured_media":22613,"comment_status":"closed","ping_status":"closed","sticky":false,"template":"","format":"standard","meta":[],"categories":[18],"tags":[],"_links":{"self":[{"href":"https:\/\/www.actualidadadiario.com\/index.php\/wp-json\/wp\/v2\/posts\/22612"}],"collection":[{"href":"https:\/\/www.actualidadadiario.com\/index.php\/wp-json\/wp\/v2\/posts"}],"about":[{"href":"https:\/\/www.actualidadadiario.com\/index.php\/wp-json\/wp\/v2\/types\/post"}],"author":[{"embeddable":true,"href":"https:\/\/www.actualidadadiario.com\/index.php\/wp-json\/wp\/v2\/users\/3"}],"replies":[{"embeddable":true,"href":"https:\/\/www.actualidadadiario.com\/index.php\/wp-json\/wp\/v2\/comments?post=22612"}],"version-history":[{"count":1,"href":"https:\/\/www.actualidadadiario.com\/index.php\/wp-json\/wp\/v2\/posts\/22612\/revisions"}],"predecessor-version":[{"id":22614,"href":"https:\/\/www.actualidadadiario.com\/index.php\/wp-json\/wp\/v2\/posts\/22612\/revisions\/22614"}],"wp:featuredmedia":[{"embeddable":true,"href":"https:\/\/www.actualidadadiario.com\/index.php\/wp-json\/wp\/v2\/media\/22613"}],"wp:attachment":[{"href":"https:\/\/www.actualidadadiario.com\/index.php\/wp-json\/wp\/v2\/media?parent=22612"}],"wp:term":[{"taxonomy":"category","embeddable":true,"href":"https:\/\/www.actualidadadiario.com\/index.php\/wp-json\/wp\/v2\/categories?post=22612"},{"taxonomy":"post_tag","embeddable":true,"href":"https:\/\/www.actualidadadiario.com\/index.php\/wp-json\/wp\/v2\/tags?post=22612"}],"curies":[{"name":"wp","href":"https:\/\/api.w.org\/{rel}","templated":true}]}}