{"id":22606,"date":"2018-01-23T12:16:47","date_gmt":"2018-01-23T15:16:47","guid":{"rendered":"http:\/\/actualidadadiario.com\/site\/?p=22606"},"modified":"2018-11-06T19:52:43","modified_gmt":"2018-11-06T22:52:43","slug":"un-ex-sociedad-rural-debera-controlar-el-trabajo-esclavo-en-el-campo","status":"publish","type":"post","link":"https:\/\/www.actualidadadiario.com\/index.php\/2018\/01\/23\/un-ex-sociedad-rural-debera-controlar-el-trabajo-esclavo-en-el-campo\/","title":{"rendered":"Un ex Sociedad Rural deber\u00e1 controlar el trabajo esclavo en el campo"},"content":{"rendered":"<p><em><strong>En un nuevo cap\u00edtulo de la ceocracia que lleg\u00f3 de la mano de Mauricio Macri, la Sociedad Rural Argentina (SRA) coloc\u00f3 a una figura en un puesto clave. Se trata del Registro Nacional de Trabajadores Rurales y Empleadores (RENATRE) que quedar\u00e1 bajo el control de las propias patronales agrarias<\/strong><\/em><\/p>\n<p>&nbsp;<\/p>\n<p>&nbsp;<\/p>\n<p>&nbsp;<\/p>\n<p>Es nada menos que Abel Francisco Gurrieri, un encumbrado dirigente de la SRA, al igual que el propio titular de la cartera de Agroindustria, Luis Miguel Etchevehere. Lo curioso es que el propio titular del Ministerio tiene en su contra una investigaci\u00f3n judicial por trabajo esclavo.<\/p>\n<p>&nbsp;<\/p>\n<p>Ahora la propia entidad que nuclea a las patronales del campo tendr\u00e1 una figura en el RENATRE para controlarse a s\u00ed mismo. Para el propio organismo, el empleo en negro en el sector escal\u00f3 hasta un 70%.<\/p>\n<p>&nbsp;<\/p>\n<p>Antes la titularidad del organismo estaba bajo el control del Momo Venegas. Ahora es directamente la propia patronal la que deber\u00e1 controlarse a s\u00ed misma para evitar el trabajo en negro.<\/p>\n","protected":false},"excerpt":{"rendered":"<p>En un nuevo cap\u00edtulo de la ceocracia que lleg\u00f3 de la mano de Mauricio Macri, la Sociedad Rural Argentina (SRA) coloc\u00f3 a una figura en un puesto clave. Se trata del Registro Nacional de Trabajadores Rurales y Empleadores (RENATRE) que quedar\u00e1 bajo el control de las propias patronales agrarias &nbsp; &nbsp; &nbsp; Es nada menos que Abel Francisco Gurrieri, un encumbrado dirigente de la SRA, al igual que el propio titular de la cartera de Agroindustria, Luis Miguel Etchevehere. Lo curioso es que el propio titular del Ministerio tiene en&#8230;<\/p>\n","protected":false},"author":3,"featured_media":22607,"comment_status":"closed","ping_status":"closed","sticky":false,"template":"","format":"standard","meta":[],"categories":[18],"tags":[],"_links":{"self":[{"href":"https:\/\/www.actualidadadiario.com\/index.php\/wp-json\/wp\/v2\/posts\/22606"}],"collection":[{"href":"https:\/\/www.actualidadadiario.com\/index.php\/wp-json\/wp\/v2\/posts"}],"about":[{"href":"https:\/\/www.actualidadadiario.com\/index.php\/wp-json\/wp\/v2\/types\/post"}],"author":[{"embeddable":true,"href":"https:\/\/www.actualidadadiario.com\/index.php\/wp-json\/wp\/v2\/users\/3"}],"replies":[{"embeddable":true,"href":"https:\/\/www.actualidadadiario.com\/index.php\/wp-json\/wp\/v2\/comments?post=22606"}],"version-history":[{"count":1,"href":"https:\/\/www.actualidadadiario.com\/index.php\/wp-json\/wp\/v2\/posts\/22606\/revisions"}],"predecessor-version":[{"id":22608,"href":"https:\/\/www.actualidadadiario.com\/index.php\/wp-json\/wp\/v2\/posts\/22606\/revisions\/22608"}],"wp:featuredmedia":[{"embeddable":true,"href":"https:\/\/www.actualidadadiario.com\/index.php\/wp-json\/wp\/v2\/media\/22607"}],"wp:attachment":[{"href":"https:\/\/www.actualidadadiario.com\/index.php\/wp-json\/wp\/v2\/media?parent=22606"}],"wp:term":[{"taxonomy":"category","embeddable":true,"href":"https:\/\/www.actualidadadiario.com\/index.php\/wp-json\/wp\/v2\/categories?post=22606"},{"taxonomy":"post_tag","embeddable":true,"href":"https:\/\/www.actualidadadiario.com\/index.php\/wp-json\/wp\/v2\/tags?post=22606"}],"curies":[{"name":"wp","href":"https:\/\/api.w.org\/{rel}","templated":true}]}}