{"id":22600,"date":"2018-01-23T12:15:03","date_gmt":"2018-01-23T15:15:03","guid":{"rendered":"http:\/\/actualidadadiario.com\/site\/?p=22600"},"modified":"2018-11-06T19:52:43","modified_gmt":"2018-11-06T22:52:43","slug":"un-gobernador-de-cambiemos-desafia-la-meta-de-inflacion-de-la-casa-rosada","status":"publish","type":"post","link":"https:\/\/www.actualidadadiario.com\/index.php\/2018\/01\/23\/un-gobernador-de-cambiemos-desafia-la-meta-de-inflacion-de-la-casa-rosada\/","title":{"rendered":"Un gobernador de Cambiemos desaf\u00eda la meta de inflaci\u00f3n de la Casa Rosada"},"content":{"rendered":"<p><em><strong>El mandatario de Corrientes, Gustavo Vald\u00e9s, dijo que otorgar\u00e1 un aumento de sueldo por encima de la expectativa del 15% que desea el gobierno nacional. Se trata del primer l\u00edder provincial en dar se\u00f1ales sobre la pauta salarial desligada de la proyecci\u00f3n oficial<\/strong><\/em><\/p>\n<p>&nbsp;<\/p>\n<p>&nbsp;<\/p>\n<p>&nbsp;<\/p>\n<p>El gobernador de Corrientes, Gustavo Vald\u00e9s, se desmarc\u00f3 este lunes de la meta de inflaci\u00f3n del Gobierno nacional al anunciar que la provincia otorgar\u00e1 este a\u00f1o a docentes y estatales un incremento salarial que estar\u00e1 &#8220;por encima&#8221; del \u00cdndice de Precios al Consumidor.<\/p>\n<p>&nbsp;<\/p>\n<p>&#8220;Vamos a tener un aumento de sueldo por encima de la inflaci\u00f3n que est\u00e1 proponiendo (el Gobierno)&#8221;, dijo el mandatario correntino al ser consultado sobre el incremento salarial que otorgar\u00e1 por decreto a los trabajadores de la administraci\u00f3n p\u00fablica provincial.<\/p>\n<p>&nbsp;<\/p>\n<p>Vald\u00e9s se convirti\u00f3 as\u00ed en el primer gobernador en dar se\u00f1ales sobre la pauta salarial, desligada de la meta de inflaci\u00f3n a la que el Gobierno nacional quiere que confluyan los acuerdos salariales durante 2018, para bajar las expectativas.<\/p>\n<p>&nbsp;<\/p>\n<p>Las demandas salariales m\u00e1s fuertes en la provincia son de los docentes -a trav\u00e9s de los gremios Suteco, Sadop, Uda y Acdp- y la polic\u00eda provincial dado que Corrientes est\u00e1 entre las cinco provincias con sueldos m\u00e1s bajos para esos dos sectores laborales.<\/p>\n<p>&nbsp;<\/p>\n<p>En rueda de prensa, Vald\u00e9s dijo este lunes: &#8220;Vamos a hablar (con los gremios) a trav\u00e9s del ministerio (de Educaci\u00f3n). Hab\u00edamos dicho que vamos a tener un incremento por encima de la inflaci\u00f3n que se est\u00e1 proponiendo. Es lo que seguimos diciendo y lo vamos a trabajar&#8221;.<\/p>\n<p>&nbsp;<\/p>\n<p>El mandatario reuni\u00f3 en un &#8220;comit\u00e9 de crisis&#8221; a ministros y secretarios de su gesti\u00f3n con funcionarios de diversos municipios, principalmente el de la capital provincial, por las inundaciones sufridas el fin de semana por lluvias intensas.<\/p>\n<p>&nbsp;<\/p>\n<p>Vald\u00e9s confirm\u00f3 tambi\u00e9n que en los pr\u00f3ximos d\u00edas dar\u00e1 a conocer el decreto con el que convocar\u00e1 a extraordinarias para tratar la adhesi\u00f3n de la provincia al Pacto Fiscal firmado junto al resto de los gobernadores (excepto el puntano Alberto Rodr\u00edguez Sa\u00e1) y Macri en octubre de 2017.<\/p>\n<p>&nbsp;<\/p>\n<p>El mandatario correntino dijo que la provincia tiene margen para &#8220;subir impuestos&#8221; mientras que otras jurisdicciones los tienen que recortar, porque -por ejemplo- la radicaci\u00f3n industria est\u00e1 en la actualidad en &#8220;tasa cero&#8221;.<\/p>\n<p>&nbsp;<\/p>\n<p>El radical Vald\u00e9s asumi\u00f3 la gobernaci\u00f3n de la provincia litorale\u00f1a en diciembre pasado tras haber ganado las elecciones representando al frente Eco-Cambiemos, apadrinado por el ex gobernador Ricardo Colombi.<\/p>\n","protected":false},"excerpt":{"rendered":"<p>El mandatario de Corrientes, Gustavo Vald\u00e9s, dijo que otorgar\u00e1 un aumento de sueldo por encima de la expectativa del 15% que desea el gobierno nacional. Se trata del primer l\u00edder provincial en dar se\u00f1ales sobre la pauta salarial desligada de la proyecci\u00f3n oficial &nbsp; &nbsp; &nbsp; El gobernador de Corrientes, Gustavo Vald\u00e9s, se desmarc\u00f3 este lunes de la meta de inflaci\u00f3n del Gobierno nacional al anunciar que la provincia otorgar\u00e1 este a\u00f1o a docentes y estatales un incremento salarial que estar\u00e1 &#8220;por encima&#8221; del \u00cdndice de Precios al Consumidor. &nbsp;&#8230;<\/p>\n","protected":false},"author":3,"featured_media":22601,"comment_status":"closed","ping_status":"closed","sticky":false,"template":"","format":"standard","meta":[],"categories":[2],"tags":[],"_links":{"self":[{"href":"https:\/\/www.actualidadadiario.com\/index.php\/wp-json\/wp\/v2\/posts\/22600"}],"collection":[{"href":"https:\/\/www.actualidadadiario.com\/index.php\/wp-json\/wp\/v2\/posts"}],"about":[{"href":"https:\/\/www.actualidadadiario.com\/index.php\/wp-json\/wp\/v2\/types\/post"}],"author":[{"embeddable":true,"href":"https:\/\/www.actualidadadiario.com\/index.php\/wp-json\/wp\/v2\/users\/3"}],"replies":[{"embeddable":true,"href":"https:\/\/www.actualidadadiario.com\/index.php\/wp-json\/wp\/v2\/comments?post=22600"}],"version-history":[{"count":1,"href":"https:\/\/www.actualidadadiario.com\/index.php\/wp-json\/wp\/v2\/posts\/22600\/revisions"}],"predecessor-version":[{"id":22602,"href":"https:\/\/www.actualidadadiario.com\/index.php\/wp-json\/wp\/v2\/posts\/22600\/revisions\/22602"}],"wp:featuredmedia":[{"embeddable":true,"href":"https:\/\/www.actualidadadiario.com\/index.php\/wp-json\/wp\/v2\/media\/22601"}],"wp:attachment":[{"href":"https:\/\/www.actualidadadiario.com\/index.php\/wp-json\/wp\/v2\/media?parent=22600"}],"wp:term":[{"taxonomy":"category","embeddable":true,"href":"https:\/\/www.actualidadadiario.com\/index.php\/wp-json\/wp\/v2\/categories?post=22600"},{"taxonomy":"post_tag","embeddable":true,"href":"https:\/\/www.actualidadadiario.com\/index.php\/wp-json\/wp\/v2\/tags?post=22600"}],"curies":[{"name":"wp","href":"https:\/\/api.w.org\/{rel}","templated":true}]}}