{"id":22588,"date":"2018-01-23T12:11:28","date_gmt":"2018-01-23T15:11:28","guid":{"rendered":"http:\/\/actualidadadiario.com\/site\/?p=22588"},"modified":"2018-11-06T19:49:54","modified_gmt":"2018-11-06T22:49:54","slug":"faltantes-en-medicamentos-contra-el-vih-cual-es-la-justificacion-del-gobierno","status":"publish","type":"post","link":"https:\/\/www.actualidadadiario.com\/index.php\/2018\/01\/23\/faltantes-en-medicamentos-contra-el-vih-cual-es-la-justificacion-del-gobierno\/","title":{"rendered":"Faltantes en medicamentos contra el VIH \u00bfcu\u00e1l es la justificaci\u00f3n del gobierno?"},"content":{"rendered":"<p><em><strong>La instituci\u00f3n emiti\u00f3 un comunicado en el que explica la situaci\u00f3n y solicita la colaboraci\u00f3n de las provincias<\/strong><\/em><\/p>\n<p>&nbsp;<\/p>\n<p>&nbsp;<\/p>\n<p>&nbsp;<\/p>\n<p>Recientemente se conoci\u00f3 la noticia de que existen demoras en la entrega de algunos medicamentos que se utilizan en pacientes con VIH. En un principio no hab\u00eda informaci\u00f3n oficial que certificara la noticia. Sin embargo, el comunicado oficial no tard\u00f3 en aparecer. Firmado por el director de SIDA y Enfermedades de Transmisi\u00f3n Sexual (ETS), Dr. Sergio Maulen, explica el motivo de las demoras en la entrega de los medicamentos. El texto se\u00f1ala que \u201cdebido a distintas dificultades presentadas en los procesos de compra, los medicamentos Efavirenz 600mg comp. y Zidovudina jarabe sufrir\u00e1n una demora en su adquisici\u00f3n\u201d.<\/p>\n<p>&nbsp;<\/p>\n<p>Ahora bien, la pregunta m\u00e1s importante, entonces, es de cu\u00e1nto tiempo ser\u00e1 esa demora, ya que los pacientes con VIH los necesitan en forma constante. El comunicado responde a esta pregunta, aunque en forma estimativa y no certera. \u201cSi bien continuamos trabajando para acelerar los procesos, estimamos que la demora ser\u00e1 de aproximadamente un mes para tener disponible nuevamente la medicaci\u00f3n\u201d, explica.<\/p>\n<p>&nbsp;<\/p>\n<p>Por eso, solicita la ayuda y colaboraci\u00f3n de las provincias para conseguir y distribuir los medicamentos en cuesti\u00f3n. De este modo, se cubrir\u00eda -al menos parcialmente- el faltante que existe actualmente y algunos pacientes podr\u00edan obtener su medicaci\u00f3n. \u201cMientras tanto, solicitamos a cada una de las jurisdicciones arbitrar los medios que, dentro de sus posibilidades, se puedan gestionar la adquisici\u00f3n de los mismos a trav\u00e9s de los Programas Provinciales hasta tanto se regularice la situaci\u00f3n\u201d, solicita el comunicado oficial del Ministerio de Salud de la Naci\u00f3n.<\/p>\n<p>&nbsp;<\/p>\n<p>Por eso, algunas provincias han adquirido los medicamentos por sus propios medios, de modo de cubrir el faltante y proveer el tratamiento a quienes lo necesitan. Es el caso de la provincia de San Luis, por ejemplo. Seg\u00fan inform\u00f3 la Agencia de noticias de San Luis, el Coordinador del \u00c1rea de HIV y ETS del Hospital de San Luis, Juan Mill\u00e1n, explic\u00f3 que \u201cel Gobierno provincial conform\u00f3 un comit\u00e9 y ya consigui\u00f3 todos los medicamentos para garantizar que ning\u00fan paciente de la provincia tenga que interrumpir su tratamiento\u201d.<\/p>\n<p>&nbsp;<\/p>\n<p>Adem\u00e1s, el responsable del \u00e1rea en cuesti\u00f3n destac\u00f3 que desde el Ministerio de Salud de San Luis se \u201cadquiri\u00f3 un excedente de los medicamentos, por las dudas que el faltante por parte de la Naci\u00f3n contin\u00fae\u201d.<\/p>\n<p>&nbsp;<\/p>\n<p>Seg\u00fan un comunicado emitido por la Fundaci\u00f3n Hu\u00e9sped -una organizaci\u00f3n que trabaja para garantizar el acceso a la salud y el control de enfermedades- hay alrededor de 70 mil personas con VIH que no tienen otra cobertura que la del Ministerio de Salud, que se ver\u00edan afectadas por esta situaci\u00f3n.<\/p>\n<p>&nbsp;<\/p>\n<p>Por su parte, la instituci\u00f3n nacional hizo un reconocimiento oficial del faltante de medicamentos a trav\u00e9s de la cuenta de Twitter. All\u00ed explic\u00f3 que \u201cobedecen a los tiempos habituales de habilitaci\u00f3n presupuestaria\u201d, tal como se hab\u00eda se\u00f1alado en el comunicado firmado por el Dr. Sergio Maulen, Director Nacional de SIDA y ETS.<\/p>\n<p>&nbsp;<\/p>\n<p>A su vez, inform\u00f3 que \u201cen los pr\u00f3ximos d\u00edas se emitir\u00e1n las \u00f3rdenes de compra de los medicamentos Dolutegravir 50 mg, Darunavir 600 mg, Efavirenz 600 mg y Abacavir-Lamivudina 600-300 d\u00e1ndole continuidad a la provisi\u00f3n de los mismos\u201d. El Ministerio asegur\u00f3 que se mantendr\u00eda en contacto con las provincias y cuenta con un equipo de respuesta ante cualquier emergencia que pueda suscitarse.<\/p>\n<p>&nbsp;<\/p>\n<p>Sin embargo, las respuestas de los usuarios de esta red social no han sido positivas, ya que se trata de un tema delicado porque est\u00e1 en riesgo la salud de muchas personas.<\/p>\n","protected":false},"excerpt":{"rendered":"<p>La instituci\u00f3n emiti\u00f3 un comunicado en el que explica la situaci\u00f3n y solicita la colaboraci\u00f3n de las provincias &nbsp; &nbsp; &nbsp; Recientemente se conoci\u00f3 la noticia de que existen demoras en la entrega de algunos medicamentos que se utilizan en pacientes con VIH. En un principio no hab\u00eda informaci\u00f3n oficial que certificara la noticia. Sin embargo, el comunicado oficial no tard\u00f3 en aparecer. Firmado por el director de SIDA y Enfermedades de Transmisi\u00f3n Sexual (ETS), Dr. Sergio Maulen, explica el motivo de las demoras en la entrega de los medicamentos&#8230;.<\/p>\n","protected":false},"author":3,"featured_media":22589,"comment_status":"closed","ping_status":"closed","sticky":false,"template":"","format":"standard","meta":[],"categories":[2],"tags":[],"_links":{"self":[{"href":"https:\/\/www.actualidadadiario.com\/index.php\/wp-json\/wp\/v2\/posts\/22588"}],"collection":[{"href":"https:\/\/www.actualidadadiario.com\/index.php\/wp-json\/wp\/v2\/posts"}],"about":[{"href":"https:\/\/www.actualidadadiario.com\/index.php\/wp-json\/wp\/v2\/types\/post"}],"author":[{"embeddable":true,"href":"https:\/\/www.actualidadadiario.com\/index.php\/wp-json\/wp\/v2\/users\/3"}],"replies":[{"embeddable":true,"href":"https:\/\/www.actualidadadiario.com\/index.php\/wp-json\/wp\/v2\/comments?post=22588"}],"version-history":[{"count":1,"href":"https:\/\/www.actualidadadiario.com\/index.php\/wp-json\/wp\/v2\/posts\/22588\/revisions"}],"predecessor-version":[{"id":22590,"href":"https:\/\/www.actualidadadiario.com\/index.php\/wp-json\/wp\/v2\/posts\/22588\/revisions\/22590"}],"wp:featuredmedia":[{"embeddable":true,"href":"https:\/\/www.actualidadadiario.com\/index.php\/wp-json\/wp\/v2\/media\/22589"}],"wp:attachment":[{"href":"https:\/\/www.actualidadadiario.com\/index.php\/wp-json\/wp\/v2\/media?parent=22588"}],"wp:term":[{"taxonomy":"category","embeddable":true,"href":"https:\/\/www.actualidadadiario.com\/index.php\/wp-json\/wp\/v2\/categories?post=22588"},{"taxonomy":"post_tag","embeddable":true,"href":"https:\/\/www.actualidadadiario.com\/index.php\/wp-json\/wp\/v2\/tags?post=22588"}],"curies":[{"name":"wp","href":"https:\/\/api.w.org\/{rel}","templated":true}]}}