{"id":22585,"date":"2018-01-23T12:10:35","date_gmt":"2018-01-23T15:10:35","guid":{"rendered":"http:\/\/actualidadadiario.com\/site\/?p=22585"},"modified":"2018-11-06T19:48:28","modified_gmt":"2018-11-06T22:48:28","slug":"debatiran-el-proyecto-que-prohibe-el-glifosato-en-gualeguaychu","status":"publish","type":"post","link":"https:\/\/www.actualidadadiario.com\/index.php\/2018\/01\/23\/debatiran-el-proyecto-que-prohibe-el-glifosato-en-gualeguaychu\/","title":{"rendered":"Debatir\u00e1n el proyecto que proh\u00edbe el glifosato en Gualeguaych\u00fa"},"content":{"rendered":"<p><strong><em>Directivos rurales y concejales analizar\u00e1n la medida. &#8220;Vamos a dar nuestro punto de vista de cu\u00e1les son los riesgos de prohibir el uso del glifosato&#8221; manifest\u00f3 el director de la Federaci\u00f3n Agraria Entre R\u00edos<\/em><\/strong><\/p>\n<p>&nbsp;<\/p>\n<p>&nbsp;<\/p>\n<p>&nbsp;<\/p>\n<p>El glifosato, seg\u00fan la Asociaci\u00f3n Internacional para la Investigaci\u00f3n sobre el C\u00e1ncer (IARC) de la Organizaci\u00f3n Mundial de la Salud (OMS), es un factor de riesgo cancer\u00edgeno para los seres humanos. En virtud de este riesgo para la salud y el ambiente, la Municipalidad de Gualeguaych\u00fa impuls\u00f3 un proyecto para prohibir, sin excepciones, el uso, aplicaci\u00f3n, movimiento y comercializaci\u00f3n de agrot\u00f3xicos en todo el ejido de la ciudad.<\/p>\n<p>&nbsp;<\/p>\n<p>Directivos rurales y concejales de Gualeguaych\u00fa se reunir\u00e1n este martes para analizar y debatir el proyecto, elevado por el Ejecutivo municipal en noviembre pasado. El director de la Federaci\u00f3n Agraria Entre R\u00edos, Elvio Gu\u00eda, confirm\u00f3 que los presidentes de las cuatro entidades rurales &#8220;nos reuniremos con los concejales para ver c\u00f3mo le damos un poco de cordura a todo esto&#8221;. &#8220;Nosotros decimos que a la discusi\u00f3n hay que darla, pero sin fundamentalismo, y que hay que escucharse porque nadie tiene la verdad absoluta&#8221;, asever\u00f3.<\/p>\n<p>&nbsp;<\/p>\n<p>Manifest\u00f3, adem\u00e1s, que &#8220;vamos a ir a la reuni\u00f3n a dar nuestro punto de vista y a decirles a los concejales cu\u00e1les son los riesgos que vemos en prohibir el uso del glifosato en un ejido que tiene 33 mil hect\u00e1reas&#8221;. Y advirti\u00f3: &#8220;Hay un mont\u00f3n de gente que va a quedar afuera del sistema de producci\u00f3n&#8221;.<\/p>\n<p>&nbsp;<\/p>\n<p>Para Gu\u00eda, &#8220;la prohibici\u00f3n, sin dar una alternativa de producci\u00f3n sustentable econ\u00f3mica y ecol\u00f3gicamente, me parece una cuesti\u00f3n irresponsable&#8221;. Y concluy\u00f3: &#8220;Estamos convencidos, y lo hemos demostrado, que se pueden hacer las dos cosas: producir y vivir bien&#8221;.<\/p>\n","protected":false},"excerpt":{"rendered":"<p>Directivos rurales y concejales analizar\u00e1n la medida. &#8220;Vamos a dar nuestro punto de vista de cu\u00e1les son los riesgos de prohibir el uso del glifosato&#8221; manifest\u00f3 el director de la Federaci\u00f3n Agraria Entre R\u00edos &nbsp; &nbsp; &nbsp; El glifosato, seg\u00fan la Asociaci\u00f3n Internacional para la Investigaci\u00f3n sobre el C\u00e1ncer (IARC) de la Organizaci\u00f3n Mundial de la Salud (OMS), es un factor de riesgo cancer\u00edgeno para los seres humanos. En virtud de este riesgo para la salud y el ambiente, la Municipalidad de Gualeguaych\u00fa impuls\u00f3 un proyecto para prohibir, sin excepciones,&#8230;<\/p>\n","protected":false},"author":3,"featured_media":22586,"comment_status":"closed","ping_status":"closed","sticky":false,"template":"","format":"standard","meta":[],"categories":[15],"tags":[],"_links":{"self":[{"href":"https:\/\/www.actualidadadiario.com\/index.php\/wp-json\/wp\/v2\/posts\/22585"}],"collection":[{"href":"https:\/\/www.actualidadadiario.com\/index.php\/wp-json\/wp\/v2\/posts"}],"about":[{"href":"https:\/\/www.actualidadadiario.com\/index.php\/wp-json\/wp\/v2\/types\/post"}],"author":[{"embeddable":true,"href":"https:\/\/www.actualidadadiario.com\/index.php\/wp-json\/wp\/v2\/users\/3"}],"replies":[{"embeddable":true,"href":"https:\/\/www.actualidadadiario.com\/index.php\/wp-json\/wp\/v2\/comments?post=22585"}],"version-history":[{"count":1,"href":"https:\/\/www.actualidadadiario.com\/index.php\/wp-json\/wp\/v2\/posts\/22585\/revisions"}],"predecessor-version":[{"id":22587,"href":"https:\/\/www.actualidadadiario.com\/index.php\/wp-json\/wp\/v2\/posts\/22585\/revisions\/22587"}],"wp:featuredmedia":[{"embeddable":true,"href":"https:\/\/www.actualidadadiario.com\/index.php\/wp-json\/wp\/v2\/media\/22586"}],"wp:attachment":[{"href":"https:\/\/www.actualidadadiario.com\/index.php\/wp-json\/wp\/v2\/media?parent=22585"}],"wp:term":[{"taxonomy":"category","embeddable":true,"href":"https:\/\/www.actualidadadiario.com\/index.php\/wp-json\/wp\/v2\/categories?post=22585"},{"taxonomy":"post_tag","embeddable":true,"href":"https:\/\/www.actualidadadiario.com\/index.php\/wp-json\/wp\/v2\/tags?post=22585"}],"curies":[{"name":"wp","href":"https:\/\/api.w.org\/{rel}","templated":true}]}}