{"id":22576,"date":"2018-01-23T12:08:08","date_gmt":"2018-01-23T15:08:08","guid":{"rendered":"http:\/\/actualidadadiario.com\/site\/?p=22576"},"modified":"2018-11-06T19:52:10","modified_gmt":"2018-11-06T22:52:10","slug":"se-analizo-la-actualizacion-del-impuesto-inmobiliario-rural","status":"publish","type":"post","link":"https:\/\/www.actualidadadiario.com\/index.php\/2018\/01\/23\/se-analizo-la-actualizacion-del-impuesto-inmobiliario-rural\/","title":{"rendered":"Se analiz\u00f3 la actualizaci\u00f3n del Impuesto Inmobiliario Rural"},"content":{"rendered":"<p><em><strong>El secretario de Producci\u00f3n, \u00c1lvaro Gab\u00e1s, recibi\u00f3 a dirigentes de entidades agropecuarias, para analizar las variables que establecen la actualizaci\u00f3n del Impuesto Inmobiliario Rural (IIR), que se aplicar\u00e1n para el a\u00f1o fiscal en curso<\/strong><\/em><\/p>\n<p>&nbsp;<\/p>\n<p>&nbsp;<\/p>\n<p>&nbsp;<\/p>\n<p>&nbsp;<\/p>\n<p>El funcionario provincial se reuni\u00f3 este lunes con los dirigentes de la Federaci\u00f3n Agraria, Elvio Gu\u00eda y Alfredo Bel; de la Federaci\u00f3n Entrerriana de Cooperativas, Daniel Kindevaluc y Gonzalo \u00c1lvarez Maldonado, y de la Federaci\u00f3n de Asociaciones Rurales, Jos\u00e9 Carlos Basald\u00faa y Claudio \u00c1lvarez Daneri.<\/p>\n<p>&nbsp;<\/p>\n<p>Gab\u00e1s valor\u00f3 \u201cla actitud de las entidades, que aportaron su punto de vista, que nos permitir\u00e1 llegar a un acuerdo que establezca valores equitativos para los propietarios de establecimientos rurales\u201d.<\/p>\n<p>&nbsp;<\/p>\n<p>El titular de la cartera productiva explic\u00f3 que se plantearon distintas cuestiones durante la reuni\u00f3n. \u201cEs para destacar que en Entre R\u00edos tiene en el Inmobiliario Rural, un modelo progresivo que valora las zonas agroecol\u00f3gicas que tiene la provincia y la productividad de cada regi\u00f3n, permitiendo ser equitativo en lo que le corresponde tributar al productor\u201d, acot\u00f3.<\/p>\n<p>&nbsp;<\/p>\n<p>Gab\u00e1s record\u00f3 que el gobernador Gustavo Bordet estableci\u00f3 que \u201cno est\u00e1 previsto ning\u00fan aumento que pueda generar un impacto sobre el bolsillo de los contribuyentes, ya que la provincia tiene pol\u00edticas de ingresos responsables y fundamentalmente se han acotado los gastos de manera que a la hora de aplicar las actualizaciones, no vaya m\u00e1s all\u00e1 de lo que aumentan los costos de producci\u00f3n\u201d, afirm\u00f3.<\/p>\n<p>&nbsp;<\/p>\n<p>Finalmente, el secretario de Producci\u00f3n afirm\u00f3 que como siempre, y m\u00e1s en este tema, se buscar\u00e1 \u201cel consenso con las entidades agropecuarias\u201d.<\/p>\n","protected":false},"excerpt":{"rendered":"<p>El secretario de Producci\u00f3n, \u00c1lvaro Gab\u00e1s, recibi\u00f3 a dirigentes de entidades agropecuarias, para analizar las variables que establecen la actualizaci\u00f3n del Impuesto Inmobiliario Rural (IIR), que se aplicar\u00e1n para el a\u00f1o fiscal en curso &nbsp; &nbsp; &nbsp; &nbsp; El funcionario provincial se reuni\u00f3 este lunes con los dirigentes de la Federaci\u00f3n Agraria, Elvio Gu\u00eda y Alfredo Bel; de la Federaci\u00f3n Entrerriana de Cooperativas, Daniel Kindevaluc y Gonzalo \u00c1lvarez Maldonado, y de la Federaci\u00f3n de Asociaciones Rurales, Jos\u00e9 Carlos Basald\u00faa y Claudio \u00c1lvarez Daneri. &nbsp; Gab\u00e1s valor\u00f3 \u201cla actitud de las&#8230;<\/p>\n","protected":false},"author":3,"featured_media":22577,"comment_status":"closed","ping_status":"closed","sticky":false,"template":"","format":"standard","meta":[],"categories":[15],"tags":[],"_links":{"self":[{"href":"https:\/\/www.actualidadadiario.com\/index.php\/wp-json\/wp\/v2\/posts\/22576"}],"collection":[{"href":"https:\/\/www.actualidadadiario.com\/index.php\/wp-json\/wp\/v2\/posts"}],"about":[{"href":"https:\/\/www.actualidadadiario.com\/index.php\/wp-json\/wp\/v2\/types\/post"}],"author":[{"embeddable":true,"href":"https:\/\/www.actualidadadiario.com\/index.php\/wp-json\/wp\/v2\/users\/3"}],"replies":[{"embeddable":true,"href":"https:\/\/www.actualidadadiario.com\/index.php\/wp-json\/wp\/v2\/comments?post=22576"}],"version-history":[{"count":1,"href":"https:\/\/www.actualidadadiario.com\/index.php\/wp-json\/wp\/v2\/posts\/22576\/revisions"}],"predecessor-version":[{"id":22578,"href":"https:\/\/www.actualidadadiario.com\/index.php\/wp-json\/wp\/v2\/posts\/22576\/revisions\/22578"}],"wp:featuredmedia":[{"embeddable":true,"href":"https:\/\/www.actualidadadiario.com\/index.php\/wp-json\/wp\/v2\/media\/22577"}],"wp:attachment":[{"href":"https:\/\/www.actualidadadiario.com\/index.php\/wp-json\/wp\/v2\/media?parent=22576"}],"wp:term":[{"taxonomy":"category","embeddable":true,"href":"https:\/\/www.actualidadadiario.com\/index.php\/wp-json\/wp\/v2\/categories?post=22576"},{"taxonomy":"post_tag","embeddable":true,"href":"https:\/\/www.actualidadadiario.com\/index.php\/wp-json\/wp\/v2\/tags?post=22576"}],"curies":[{"name":"wp","href":"https:\/\/api.w.org\/{rel}","templated":true}]}}