{"id":22573,"date":"2018-01-23T12:07:12","date_gmt":"2018-01-23T15:07:12","guid":{"rendered":"http:\/\/actualidadadiario.com\/site\/?p=22573"},"modified":"2018-11-06T19:48:38","modified_gmt":"2018-11-06T22:48:38","slug":"despues-de-20-anos-la-provincia-tendra-un-programa-de-viviendas-propio","status":"publish","type":"post","link":"https:\/\/www.actualidadadiario.com\/index.php\/2018\/01\/23\/despues-de-20-anos-la-provincia-tendra-un-programa-de-viviendas-propio\/","title":{"rendered":"Despu\u00e9s de 20 a\u00f1os la provincia tendr\u00e1 un programa de viviendas propio"},"content":{"rendered":"<p><em><strong>El gobierno provincial, a trav\u00e9s del Instituto Aut\u00e1rquico de Planeamiento y Vivienda (IAPV), pondr\u00e1 en marcha el programa Primero tu Casa para construir 500 soluciones habitacionales con fondos exclusivamente propios. El lanzamiento se realizar\u00e1 el lunes 29 en Villaguay<\/strong><\/em><\/p>\n<p>&nbsp;<\/p>\n<p>&nbsp;<\/p>\n<p>&nbsp;<\/p>\n<p>El presidente de IAPV, Marcelo Casaretto, se reuni\u00f3 con la intendenta de Villaguay, Claudia Monjo, para definir los detalles del evento. En ese sentido, la jefa comunal expres\u00f3 su satisfacci\u00f3n por el nuevo plan de viviendas que financiar\u00e1 \u00edntegramente el gobierno entrerriano.<\/p>\n<p>&nbsp;<\/p>\n<p>El titular de IAPV destac\u00f3 que hace m\u00e1s de 20 a\u00f1os que no se realiza un programa provincial de viviendas. \u201cLa pol\u00edtica habitacional que lleva adelante el gobernador Bordet nos exige que continuemos trabajando, hasta el \u00faltimo d\u00eda de la gesti\u00f3n, en la instrumentaci\u00f3n de diferentes planes de viviendas para ayudar a m\u00e1s familias a cumplir el sue\u00f1o de tener la casa propia, que de otra manera les resultar\u00eda casi imposible lograrlo\u201d<\/p>\n<p>&nbsp;<\/p>\n<p>Adem\u00e1s, la construcci\u00f3n de las viviendas de Primero tu Casa contribuir\u00e1 \u201ca elevar las condiciones de vida de la familia entrerriana de peque\u00f1as localidades, promoviendo la inclusi\u00f3n social a todos sus habitantes\u201d.<\/p>\n<p>&nbsp;<\/p>\n<p>Por su parte, Monjo indic\u00f3 que es &#8220;muy importante que el gobernador Gustavo Bordet haya decidido encarar este programa con recursos propios, porque sabemos que la demanda de soluciones habitacionales se extiende en toda la provincia y crece d\u00eda a d\u00eda&#8221;.<\/p>\n<p>&nbsp;<\/p>\n<p>Asimismo, consider\u00f3 que &#8220;la decisi\u00f3n del gobernador de destinar fondos propios para llevar soluciones a todo el territorio y sobre todo a las comunidades m\u00e1s peque\u00f1as, es una pol\u00edtica muy acertada que ojal\u00e1 se pueda replicar peri\u00f3dicamente&#8221;.<\/p>\n<p>&nbsp;<\/p>\n<p>En ese sentido, se\u00f1al\u00f3 que Villaguay &#8220;espera desde hace tiempo este tipo de obras, y por eso las venimos gestionando permanentemente&#8221;. Y agreg\u00f3: &#8220;Si bien es una soluci\u00f3n peque\u00f1a, ya que la cantidad es reducida para la demanda que tenemos en la ciudad, entendemos que es un primer paso y lo valoramos mucho&#8221;.<\/p>\n<p>&nbsp;<\/p>\n<p>&nbsp;<\/p>\n<p><strong>Sobre el programa<\/strong><\/p>\n<p>Primero tu Casa tiene como objetivo central mejorar la calidad de vida de los entrerrianos de las peque\u00f1as localidades y fortalecer el proceso de reactivaci\u00f3n econ\u00f3mica de la industria de la construcci\u00f3n en general. En una primera etapa, se construir\u00e1n 500 soluciones habitaciones, financiadas con fondos propios.<\/p>\n<p>&nbsp;<\/p>\n<p>Para el modelo de vivienda, se dise\u00f1\u00f3 un prototipo universal y evolutivo de acuerdo a las diversas necesidades de los grupos familiares. Es as\u00ed que se cuenta con uno base de 28 m2 (monoambiente), de un dormitorio de 39 m2, y de dos dormitorios de 51m2. Los tres cuentan con las fundaciones para futuras ampliaciones. El plazo de ejecuci\u00f3n es de hasta 10 meses.<\/p>\n<p>&nbsp;<\/p>\n<p>A su vez, cada grupo habitacional cuenta con un cupo de discapacidad, el cual es del 10 por ciento, con ba\u00f1os adecuados y adaptaciones necesarias.<\/p>\n","protected":false},"excerpt":{"rendered":"<p>El gobierno provincial, a trav\u00e9s del Instituto Aut\u00e1rquico de Planeamiento y Vivienda (IAPV), pondr\u00e1 en marcha el programa Primero tu Casa para construir 500 soluciones habitacionales con fondos exclusivamente propios. El lanzamiento se realizar\u00e1 el lunes 29 en Villaguay &nbsp; &nbsp; &nbsp; El presidente de IAPV, Marcelo Casaretto, se reuni\u00f3 con la intendenta de Villaguay, Claudia Monjo, para definir los detalles del evento. En ese sentido, la jefa comunal expres\u00f3 su satisfacci\u00f3n por el nuevo plan de viviendas que financiar\u00e1 \u00edntegramente el gobierno entrerriano. &nbsp; El titular de IAPV destac\u00f3&#8230;<\/p>\n","protected":false},"author":3,"featured_media":22574,"comment_status":"closed","ping_status":"closed","sticky":false,"template":"","format":"standard","meta":[],"categories":[9,15],"tags":[],"_links":{"self":[{"href":"https:\/\/www.actualidadadiario.com\/index.php\/wp-json\/wp\/v2\/posts\/22573"}],"collection":[{"href":"https:\/\/www.actualidadadiario.com\/index.php\/wp-json\/wp\/v2\/posts"}],"about":[{"href":"https:\/\/www.actualidadadiario.com\/index.php\/wp-json\/wp\/v2\/types\/post"}],"author":[{"embeddable":true,"href":"https:\/\/www.actualidadadiario.com\/index.php\/wp-json\/wp\/v2\/users\/3"}],"replies":[{"embeddable":true,"href":"https:\/\/www.actualidadadiario.com\/index.php\/wp-json\/wp\/v2\/comments?post=22573"}],"version-history":[{"count":1,"href":"https:\/\/www.actualidadadiario.com\/index.php\/wp-json\/wp\/v2\/posts\/22573\/revisions"}],"predecessor-version":[{"id":22575,"href":"https:\/\/www.actualidadadiario.com\/index.php\/wp-json\/wp\/v2\/posts\/22573\/revisions\/22575"}],"wp:featuredmedia":[{"embeddable":true,"href":"https:\/\/www.actualidadadiario.com\/index.php\/wp-json\/wp\/v2\/media\/22574"}],"wp:attachment":[{"href":"https:\/\/www.actualidadadiario.com\/index.php\/wp-json\/wp\/v2\/media?parent=22573"}],"wp:term":[{"taxonomy":"category","embeddable":true,"href":"https:\/\/www.actualidadadiario.com\/index.php\/wp-json\/wp\/v2\/categories?post=22573"},{"taxonomy":"post_tag","embeddable":true,"href":"https:\/\/www.actualidadadiario.com\/index.php\/wp-json\/wp\/v2\/tags?post=22573"}],"curies":[{"name":"wp","href":"https:\/\/api.w.org\/{rel}","templated":true}]}}