{"id":22571,"date":"2018-01-23T12:06:19","date_gmt":"2018-01-23T15:06:19","guid":{"rendered":"http:\/\/actualidadadiario.com\/site\/?p=22571"},"modified":"2018-11-06T19:47:49","modified_gmt":"2018-11-06T22:47:49","slug":"ater-lanzo-una-nueva-aplicacion-web-para-la-recategorizacion-del-regimen-simplificado","status":"publish","type":"post","link":"https:\/\/www.actualidadadiario.com\/index.php\/2018\/01\/23\/ater-lanzo-una-nueva-aplicacion-web-para-la-recategorizacion-del-regimen-simplificado\/","title":{"rendered":"ATER lanz\u00f3 una nueva aplicaci\u00f3n web para la recategorizaci\u00f3n del R\u00e9gimen Simplificado"},"content":{"rendered":"<p><em><strong>El acceso es v\u00eda clave fiscal de AFIP y se da en el marco del vencimiento para la recategorizaci\u00f3n del r\u00e9gimen fijado para el 31 de enero pr\u00f3ximo. El tr\u00e1mite tambi\u00e9n se puede realizar de forma presencial en las oficinas de la Administradora Tributaria de Entre R\u00edos (ATER)<\/strong><\/em><\/p>\n<p>&nbsp;<\/p>\n<p>&nbsp;<\/p>\n<p>&nbsp;<\/p>\n<p>ATER inform\u00f3 sobre la puesta en funciones de una nueva aplicaci\u00f3n web con clave fiscal AFIP para la autogesti\u00f3n del tr\u00e1mite de recategorizaci\u00f3n de contribuyentes del R\u00e9gimen Simplificado cuyo vencimiento, el pr\u00f3ximo 31 de enero, forma parte de la agenda de deberes formales correspondiente al primer cuatrimestre de 2018.<\/p>\n<p>&nbsp;<\/p>\n<p>El titular de la ATER, Sergio Granetto, destac\u00f3 la incorporaci\u00f3n por cuanto &#8220;son el resultados de importantes pasos que venimos dando tanto en la modernizaci\u00f3n de procesos, la capacitaci\u00f3n del personal y la refuncionalizaci\u00f3n de espacios de atenci\u00f3n que permiten, a partir de hoy, hacer que miles de entrerrianos no se tengan que movilizar hasta una oficina de ATER para formalizar un tr\u00e1mite&#8221; dijo.<\/p>\n<p>&nbsp;<\/p>\n<p>Por otro lado, desde el \u00c1rea de Impuestos resaltaron el car\u00e1cter optativo del uso de este nuevo canal para este primer vencimiento, pudiendo los contribuyentes concurrir a realizarlo de forma presencial en las oficinas de atenci\u00f3n &#8211; portando el formulario ATER A-23 disponible en www.ater.gob.ar. No obstante anticiparon que a partir del segundo cuatrimestre de 2018, esta modalidad de tramitaci\u00f3n por internet ser\u00e1 obligatoria.<\/p>\n","protected":false},"excerpt":{"rendered":"<p>El acceso es v\u00eda clave fiscal de AFIP y se da en el marco del vencimiento para la recategorizaci\u00f3n del r\u00e9gimen fijado para el 31 de enero pr\u00f3ximo. El tr\u00e1mite tambi\u00e9n se puede realizar de forma presencial en las oficinas de la Administradora Tributaria de Entre R\u00edos (ATER) &nbsp; &nbsp; &nbsp; ATER inform\u00f3 sobre la puesta en funciones de una nueva aplicaci\u00f3n web con clave fiscal AFIP para la autogesti\u00f3n del tr\u00e1mite de recategorizaci\u00f3n de contribuyentes del R\u00e9gimen Simplificado cuyo vencimiento, el pr\u00f3ximo 31 de enero, forma parte de la&#8230;<\/p>\n","protected":false},"author":3,"featured_media":2093,"comment_status":"closed","ping_status":"closed","sticky":false,"template":"","format":"standard","meta":[],"categories":[15],"tags":[],"_links":{"self":[{"href":"https:\/\/www.actualidadadiario.com\/index.php\/wp-json\/wp\/v2\/posts\/22571"}],"collection":[{"href":"https:\/\/www.actualidadadiario.com\/index.php\/wp-json\/wp\/v2\/posts"}],"about":[{"href":"https:\/\/www.actualidadadiario.com\/index.php\/wp-json\/wp\/v2\/types\/post"}],"author":[{"embeddable":true,"href":"https:\/\/www.actualidadadiario.com\/index.php\/wp-json\/wp\/v2\/users\/3"}],"replies":[{"embeddable":true,"href":"https:\/\/www.actualidadadiario.com\/index.php\/wp-json\/wp\/v2\/comments?post=22571"}],"version-history":[{"count":1,"href":"https:\/\/www.actualidadadiario.com\/index.php\/wp-json\/wp\/v2\/posts\/22571\/revisions"}],"predecessor-version":[{"id":22572,"href":"https:\/\/www.actualidadadiario.com\/index.php\/wp-json\/wp\/v2\/posts\/22571\/revisions\/22572"}],"wp:featuredmedia":[{"embeddable":true,"href":"https:\/\/www.actualidadadiario.com\/index.php\/wp-json\/wp\/v2\/media\/2093"}],"wp:attachment":[{"href":"https:\/\/www.actualidadadiario.com\/index.php\/wp-json\/wp\/v2\/media?parent=22571"}],"wp:term":[{"taxonomy":"category","embeddable":true,"href":"https:\/\/www.actualidadadiario.com\/index.php\/wp-json\/wp\/v2\/categories?post=22571"},{"taxonomy":"post_tag","embeddable":true,"href":"https:\/\/www.actualidadadiario.com\/index.php\/wp-json\/wp\/v2\/tags?post=22571"}],"curies":[{"name":"wp","href":"https:\/\/api.w.org\/{rel}","templated":true}]}}