{"id":22565,"date":"2018-01-20T11:46:32","date_gmt":"2018-01-20T14:46:32","guid":{"rendered":"http:\/\/actualidadadiario.com\/site\/?p=22565"},"modified":"2018-11-06T19:49:19","modified_gmt":"2018-11-06T22:49:19","slug":"el-papa-francisco-comparo-a-la-trata-de-personas-con-la-esclavitud","status":"publish","type":"post","link":"https:\/\/www.actualidadadiario.com\/index.php\/2018\/01\/20\/el-papa-francisco-comparo-a-la-trata-de-personas-con-la-esclavitud\/","title":{"rendered":"El papa Francisco compar\u00f3 a la trata de personas con la esclavitud"},"content":{"rendered":"<p><em><strong>Tambi\u00e9n critic\u00f3 la violencia contra las mujeres en su visita a la Amazon\u00eda peruana, una zona castigada por esos esos flagelos<\/strong><\/em><\/p>\n<p>&nbsp;<\/p>\n<p>&nbsp;<\/p>\n<p>&nbsp;<\/p>\n<p>El papa Francisco advirti\u00f3 este viernes que la trata de personas es &#8220;esclavitud&#8221; y critic\u00f3 la violencia contra las mujeres, en una visita a la Amazon\u00eda peruana, remota regi\u00f3n afectada por estos flagelos y la prostituci\u00f3n infantil.<\/p>\n<p>&nbsp;<\/p>\n<p>&#8220;Pensando en estas cosas perm\u00edtanme detenerme en un tema doloroso. Nos acostumbramos a utilizar el t\u00e9rmino trata de personas (&#8230;), pero en realidad deber\u00edamos hablar de esclavitud: esclavitud para el trabajo, esclavitud sexual, esclavitud para el lucro&#8221;, dijo el pont\u00edfice argentino en un encuentro multitudinario con feligreses, en su segundo d\u00eda de visita a Per\u00fa.<\/p>\n<p>&nbsp;<\/p>\n<p>&#8220;Los bosques, r\u00edos y quebradas son usados, utilizados hasta el \u00faltimo recurso y luego dejados bald\u00edos e inservibles.<\/p>\n<p>&nbsp;<\/p>\n<p>Las personas son tambi\u00e9n tratadas con esta l\u00f3gica: son usadas hasta el cansancio y despu\u00e9s dejadas como inservibles&#8221;, indic\u00f3 el papa.<\/p>\n<p>&nbsp;<\/p>\n<p>&#8220;\u00c9sta es la cultura del descarte, se descarta a los chicos, se descarta a los ancianos&#8221;, a\u00f1adi\u00f3 en el encuentro masivo en Puerto Maldonado, cabecera de una regi\u00f3n habitada por pueblos abor\u00edgenes que sufren la deforestaci\u00f3n, trata de personas y prostituci\u00f3n infantil.<\/p>\n<p>&nbsp;<\/p>\n<p>La Amazon\u00eda, que cubre un tercio del territorio peruano, es tan extensa y tan remota que no hay presencia del Estado, lo que facilita el delito.<\/p>\n<p>&nbsp;<\/p>\n<p>En el primer semestre de 2017 se reportaron en esta zona m\u00e1s de un centenar de casos de prostituci\u00f3n infantil y lidera el r\u00e1nking de la trata de personas en Per\u00fa, seg\u00fan la fiscal\u00eda.<\/p>\n<p>&nbsp;<\/p>\n<p>El papa dijo adem\u00e1s que &#8220;duele constatar c\u00f3mo en esta tierra, que est\u00e1 bajo el amparo de la Madre de Dios, tantas mujeres son tan desvaloradas, menospreciadas y expuestas a un sinf\u00edn de violencias&#8221;.<\/p>\n<p>&nbsp;<\/p>\n<p>&#8220;No se puede naturalizar la violencia hacia las mujeres (&#8230;). No nos es l\u00edcito mirar para otro lado y dejar que tantas mujeres, especialmente adolescentes sean pisoteadas en su dignidad&#8221;, a\u00f1adi\u00f3 en el encuentro, al que tambi\u00e9n asisti\u00f3 el presidente Pedro Pablo Kuczynski.<\/p>\n<p>&nbsp;<\/p>\n<p>Las comunidades abor\u00edgenes amaz\u00f3nicas peruanas est\u00e1n agobiadas por la deforestaci\u00f3n, la contaminaci\u00f3n de los r\u00edos, la pobreza y la trata de personas, fomentadas principalmente por las actividades mineras ilegales.<\/p>\n","protected":false},"excerpt":{"rendered":"<p>Tambi\u00e9n critic\u00f3 la violencia contra las mujeres en su visita a la Amazon\u00eda peruana, una zona castigada por esos esos flagelos &nbsp; &nbsp; &nbsp; El papa Francisco advirti\u00f3 este viernes que la trata de personas es &#8220;esclavitud&#8221; y critic\u00f3 la violencia contra las mujeres, en una visita a la Amazon\u00eda peruana, remota regi\u00f3n afectada por estos flagelos y la prostituci\u00f3n infantil. &nbsp; &#8220;Pensando en estas cosas perm\u00edtanme detenerme en un tema doloroso. Nos acostumbramos a utilizar el t\u00e9rmino trata de personas (&#8230;), pero en realidad deber\u00edamos hablar de esclavitud: esclavitud&#8230;<\/p>\n","protected":false},"author":3,"featured_media":22566,"comment_status":"closed","ping_status":"closed","sticky":false,"template":"","format":"standard","meta":[],"categories":[4],"tags":[],"_links":{"self":[{"href":"https:\/\/www.actualidadadiario.com\/index.php\/wp-json\/wp\/v2\/posts\/22565"}],"collection":[{"href":"https:\/\/www.actualidadadiario.com\/index.php\/wp-json\/wp\/v2\/posts"}],"about":[{"href":"https:\/\/www.actualidadadiario.com\/index.php\/wp-json\/wp\/v2\/types\/post"}],"author":[{"embeddable":true,"href":"https:\/\/www.actualidadadiario.com\/index.php\/wp-json\/wp\/v2\/users\/3"}],"replies":[{"embeddable":true,"href":"https:\/\/www.actualidadadiario.com\/index.php\/wp-json\/wp\/v2\/comments?post=22565"}],"version-history":[{"count":1,"href":"https:\/\/www.actualidadadiario.com\/index.php\/wp-json\/wp\/v2\/posts\/22565\/revisions"}],"predecessor-version":[{"id":22567,"href":"https:\/\/www.actualidadadiario.com\/index.php\/wp-json\/wp\/v2\/posts\/22565\/revisions\/22567"}],"wp:featuredmedia":[{"embeddable":true,"href":"https:\/\/www.actualidadadiario.com\/index.php\/wp-json\/wp\/v2\/media\/22566"}],"wp:attachment":[{"href":"https:\/\/www.actualidadadiario.com\/index.php\/wp-json\/wp\/v2\/media?parent=22565"}],"wp:term":[{"taxonomy":"category","embeddable":true,"href":"https:\/\/www.actualidadadiario.com\/index.php\/wp-json\/wp\/v2\/categories?post=22565"},{"taxonomy":"post_tag","embeddable":true,"href":"https:\/\/www.actualidadadiario.com\/index.php\/wp-json\/wp\/v2\/tags?post=22565"}],"curies":[{"name":"wp","href":"https:\/\/api.w.org\/{rel}","templated":true}]}}