{"id":22559,"date":"2018-01-20T11:44:27","date_gmt":"2018-01-20T14:44:27","guid":{"rendered":"http:\/\/actualidadadiario.com\/site\/?p=22559"},"modified":"2018-11-06T19:49:54","modified_gmt":"2018-11-06T22:49:54","slug":"fiebre-amarilla-que-es-y-por-que-vacunarse-antes-de-ir-a-brasil","status":"publish","type":"post","link":"https:\/\/www.actualidadadiario.com\/index.php\/2018\/01\/20\/fiebre-amarilla-que-es-y-por-que-vacunarse-antes-de-ir-a-brasil\/","title":{"rendered":"Fiebre amarilla: qu\u00e9 es y por qu\u00e9 vacunarse antes de ir a Brasil"},"content":{"rendered":"<p><em><strong>La fiebre amarilla es una enfermedad v\u00edrica aguda y hemorr\u00e1gica, transmitida por mosquitos infectados. Antes de viajar, hay que vacunarse<\/strong><\/em><\/p>\n<p>&nbsp;<\/p>\n<p>&nbsp;<\/p>\n<p>&nbsp;<\/p>\n<p>Cientos de personas acudieron en los \u00faltimos d\u00edas a los vacunatorios de todo el pa\u00eds para vacunarse contra la Fiebre Amarilla, previo a sus viajes de vacaciones en Brasil.<\/p>\n<p>&nbsp;<\/p>\n<p>Esto se debe a que, recientemente, la Organizaci\u00f3n Mundial de la Salud (OMS) inform\u00f3 que San Pablo, Brasil, se convirti\u00f3 en un \u00e1rea de riesgo y se recomienda prevenci\u00f3n a quienes visiten ese pa\u00eds.<\/p>\n<p>&nbsp;<\/p>\n<p>La fiebre amarilla es una enfermedad v\u00edrica aguda y hemorr\u00e1gica, transmitida por mosquitos infectados.<\/p>\n<p>&nbsp;<\/p>\n<p>El t\u00e9rmino &#8220;amarilla&#8221; alude a la ictericia que presentan algunos pacientes.<\/p>\n<p>&nbsp;<\/p>\n<p>Wanda Cornistein, jefa del Servicio de Control de Infecciones del Hospital Universitario Austral, explic\u00f3 que &#8220;sus principales s\u00edntomas son fiebre, cefaleas, ictericia, dolores musculares, n\u00e1useas, v\u00f3mitos y cansancio; aunque una peque\u00f1a proporci\u00f3n de pacientes infectados presenta s\u00edntomas graves, y aproximadamente la mitad de estos casos fallecen en un plazo de 7 a 10 d\u00edas&#8221;.<\/p>\n<p>&nbsp;<\/p>\n<p>La enfermedad posee tres tipos de ciclos de transmisi\u00f3n, seg\u00fan la OMS: selv\u00e1tico, intermedio y urbano.<\/p>\n<p>&nbsp;<\/p>\n<p>En San Pablo est\u00e1 ocurriendo el segundo tipo de brote, en el cual los mosquitos transmiten la enfermedad a las personas que se encuentran en la ciudad luego de picar a los monos de las \u00e1reas silvestres (que son el reservorio del virus).<\/p>\n","protected":false},"excerpt":{"rendered":"<p>La fiebre amarilla es una enfermedad v\u00edrica aguda y hemorr\u00e1gica, transmitida por mosquitos infectados. Antes de viajar, hay que vacunarse &nbsp; &nbsp; &nbsp; Cientos de personas acudieron en los \u00faltimos d\u00edas a los vacunatorios de todo el pa\u00eds para vacunarse contra la Fiebre Amarilla, previo a sus viajes de vacaciones en Brasil. &nbsp; Esto se debe a que, recientemente, la Organizaci\u00f3n Mundial de la Salud (OMS) inform\u00f3 que San Pablo, Brasil, se convirti\u00f3 en un \u00e1rea de riesgo y se recomienda prevenci\u00f3n a quienes visiten ese pa\u00eds. &nbsp; La fiebre&#8230;<\/p>\n","protected":false},"author":3,"featured_media":22560,"comment_status":"closed","ping_status":"closed","sticky":false,"template":"","format":"standard","meta":[],"categories":[4],"tags":[],"_links":{"self":[{"href":"https:\/\/www.actualidadadiario.com\/index.php\/wp-json\/wp\/v2\/posts\/22559"}],"collection":[{"href":"https:\/\/www.actualidadadiario.com\/index.php\/wp-json\/wp\/v2\/posts"}],"about":[{"href":"https:\/\/www.actualidadadiario.com\/index.php\/wp-json\/wp\/v2\/types\/post"}],"author":[{"embeddable":true,"href":"https:\/\/www.actualidadadiario.com\/index.php\/wp-json\/wp\/v2\/users\/3"}],"replies":[{"embeddable":true,"href":"https:\/\/www.actualidadadiario.com\/index.php\/wp-json\/wp\/v2\/comments?post=22559"}],"version-history":[{"count":1,"href":"https:\/\/www.actualidadadiario.com\/index.php\/wp-json\/wp\/v2\/posts\/22559\/revisions"}],"predecessor-version":[{"id":22561,"href":"https:\/\/www.actualidadadiario.com\/index.php\/wp-json\/wp\/v2\/posts\/22559\/revisions\/22561"}],"wp:featuredmedia":[{"embeddable":true,"href":"https:\/\/www.actualidadadiario.com\/index.php\/wp-json\/wp\/v2\/media\/22560"}],"wp:attachment":[{"href":"https:\/\/www.actualidadadiario.com\/index.php\/wp-json\/wp\/v2\/media?parent=22559"}],"wp:term":[{"taxonomy":"category","embeddable":true,"href":"https:\/\/www.actualidadadiario.com\/index.php\/wp-json\/wp\/v2\/categories?post=22559"},{"taxonomy":"post_tag","embeddable":true,"href":"https:\/\/www.actualidadadiario.com\/index.php\/wp-json\/wp\/v2\/tags?post=22559"}],"curies":[{"name":"wp","href":"https:\/\/api.w.org\/{rel}","templated":true}]}}