{"id":22547,"date":"2018-01-20T11:41:00","date_gmt":"2018-01-20T14:41:00","guid":{"rendered":"http:\/\/actualidadadiario.com\/site\/?p=22547"},"modified":"2018-11-06T19:49:44","modified_gmt":"2018-11-06T22:49:44","slug":"estados-unidos-respaldo-las-reformas-economicas-de-macri","status":"publish","type":"post","link":"https:\/\/www.actualidadadiario.com\/index.php\/2018\/01\/20\/estados-unidos-respaldo-las-reformas-economicas-de-macri\/","title":{"rendered":"Estados Unidos respald\u00f3 las reformas econ\u00f3micas de Macri"},"content":{"rendered":"<p><em><strong>Tom Cooney, el encargado de Negocios norteamericano, ratific\u00f3 respaldo a &#8220;programa de reformas econ\u00f3micas&#8221;<\/strong><\/em><\/p>\n<p>&nbsp;<\/p>\n<p>&nbsp;<\/p>\n<p>&nbsp;<\/p>\n<p>El encargado de Negocios de la Embajada estadounidense en esta capital, Tom Cooney, ratific\u00f3 el apoyo de ese pa\u00eds al &#8220;programa de reformas econ\u00f3micas&#8221; &#8220;En nuestra relaci\u00f3n no solo es importante la cuesti\u00f3n de seguridad o pol\u00edtica, sino tambi\u00e9n la relaci\u00f3n comercial.<\/p>\n<p>&nbsp;<\/p>\n<p>&#8220;Apoyamos fuertemente el programa de reformas econ\u00f3micas del presidente Macri&#8221;, afirm\u00f3 Cooney.<\/p>\n<p>&nbsp;<\/p>\n<p>En declaraciones a un matutino porte\u00f1o, el diplom\u00e1tico se\u00f1al\u00f3 que en la Embajada est\u00e1n &#8220;listos para trabajar&#8221; con Edward Prado, el designado jefe de la sede diplom\u00e1tica, quien a\u00fan debe recibir aprobaci\u00f3n del Senado de ese pa\u00eds.<\/p>\n<p>&nbsp;<\/p>\n<p>&#8220;Cuando hay un cambio de administraci\u00f3n siempre se demora un poco. De hecho hay varios pa\u00edses donde no tenemos nominaciones todav\u00eda, como Australia o Corea. La Casa Blanca quer\u00eda asegurarse de elegir a la persona correcta para la posici\u00f3n. A pesar de no tener embajadores ni en Buenos Aires ni en Washington, la relaci\u00f3n ha avanzado much\u00edsimo el a\u00f1o pasado&#8221;, explic\u00f3.<\/p>\n","protected":false},"excerpt":{"rendered":"<p>Tom Cooney, el encargado de Negocios norteamericano, ratific\u00f3 respaldo a &#8220;programa de reformas econ\u00f3micas&#8221; &nbsp; &nbsp; &nbsp; El encargado de Negocios de la Embajada estadounidense en esta capital, Tom Cooney, ratific\u00f3 el apoyo de ese pa\u00eds al &#8220;programa de reformas econ\u00f3micas&#8221; &#8220;En nuestra relaci\u00f3n no solo es importante la cuesti\u00f3n de seguridad o pol\u00edtica, sino tambi\u00e9n la relaci\u00f3n comercial. &nbsp; &#8220;Apoyamos fuertemente el programa de reformas econ\u00f3micas del presidente Macri&#8221;, afirm\u00f3 Cooney. &nbsp; En declaraciones a un matutino porte\u00f1o, el diplom\u00e1tico se\u00f1al\u00f3 que en la Embajada est\u00e1n &#8220;listos para trabajar&#8221;&#8230;<\/p>\n","protected":false},"author":3,"featured_media":22548,"comment_status":"closed","ping_status":"closed","sticky":false,"template":"","format":"standard","meta":[],"categories":[18],"tags":[],"_links":{"self":[{"href":"https:\/\/www.actualidadadiario.com\/index.php\/wp-json\/wp\/v2\/posts\/22547"}],"collection":[{"href":"https:\/\/www.actualidadadiario.com\/index.php\/wp-json\/wp\/v2\/posts"}],"about":[{"href":"https:\/\/www.actualidadadiario.com\/index.php\/wp-json\/wp\/v2\/types\/post"}],"author":[{"embeddable":true,"href":"https:\/\/www.actualidadadiario.com\/index.php\/wp-json\/wp\/v2\/users\/3"}],"replies":[{"embeddable":true,"href":"https:\/\/www.actualidadadiario.com\/index.php\/wp-json\/wp\/v2\/comments?post=22547"}],"version-history":[{"count":1,"href":"https:\/\/www.actualidadadiario.com\/index.php\/wp-json\/wp\/v2\/posts\/22547\/revisions"}],"predecessor-version":[{"id":22549,"href":"https:\/\/www.actualidadadiario.com\/index.php\/wp-json\/wp\/v2\/posts\/22547\/revisions\/22549"}],"wp:featuredmedia":[{"embeddable":true,"href":"https:\/\/www.actualidadadiario.com\/index.php\/wp-json\/wp\/v2\/media\/22548"}],"wp:attachment":[{"href":"https:\/\/www.actualidadadiario.com\/index.php\/wp-json\/wp\/v2\/media?parent=22547"}],"wp:term":[{"taxonomy":"category","embeddable":true,"href":"https:\/\/www.actualidadadiario.com\/index.php\/wp-json\/wp\/v2\/categories?post=22547"},{"taxonomy":"post_tag","embeddable":true,"href":"https:\/\/www.actualidadadiario.com\/index.php\/wp-json\/wp\/v2\/tags?post=22547"}],"curies":[{"name":"wp","href":"https:\/\/api.w.org\/{rel}","templated":true}]}}