{"id":22543,"date":"2018-01-20T11:39:58","date_gmt":"2018-01-20T14:39:58","guid":{"rendered":"http:\/\/actualidadadiario.com\/site\/?p=22543"},"modified":"2018-11-06T19:49:10","modified_gmt":"2018-11-06T22:49:10","slug":"el-gobierno-respaldo-a-triaca-fue-un-error-pero-no-creemos-que-tenga-que-costarle-el-cargo","status":"publish","type":"post","link":"https:\/\/www.actualidadadiario.com\/index.php\/2018\/01\/20\/el-gobierno-respaldo-a-triaca-fue-un-error-pero-no-creemos-que-tenga-que-costarle-el-cargo\/","title":{"rendered":"El Gobierno respald\u00f3 a Triaca: &#8220;Fue un error, pero no creemos que tenga que costarle el cargo&#8221;"},"content":{"rendered":"<p><em><b>&#8220;No invalida su calidad como ministro&#8221;, manifest\u00f3 Pe\u00f1a, en medio del esc\u00e1ndalo por el despido de la ex empleada\u00a0dom\u00e9stica de Triaca<\/b><\/em><\/p>\n<p>&nbsp;<\/p>\n<p>&nbsp;<\/p>\n<p>&nbsp;<\/p>\n<p>&nbsp;<\/p>\n<p>&nbsp;<\/p>\n<p>El jefe de Gabinete, Marcos Pe\u00f1a, ratific\u00f3 hoy en su puesto al ministro de Trabajo, Jorge Triaca, tras la pol\u00e9mica por el despido de su exempleada dom\u00e9stica, pero reconoci\u00f3 que el funcionario &#8220;cometi\u00f3 un error&#8221; y gener\u00f3 &#8220;un alerta para todos los funcionarios&#8221;.<\/p>\n<p>&nbsp;<\/p>\n<p>&#8220;Es un error porque nosotros hemos levantado la vara y no queremos que estas cosas sigan pasando&#8221;, sentenci\u00f3 Pe\u00f1a, quien sin embargo consider\u00f3 que la situaci\u00f3n generada por el despido con insultos de la trabajadora Sandra Hermida &#8220;no invalida&#8221; la &#8220;calidad&#8221; de Triaca &#8220;como ministro&#8221; y &#8220;como persona&#8221;.<\/p>\n<p>&nbsp;<\/p>\n<p>En este sentido, el jefe de Gabinete manifest\u00f3: &#8220;Si bien es un error, no sentimos que sea algo que tenga que costarle el cargo\u201d. Tambi\u00e9n se\u00f1al\u00f3 que \u201cest\u00e1 mal\u201d el \u201cexabrupto\u201d del ministro para dirigirse a Heredia en un audio que trascendi\u00f3 en los \u00faltimos d\u00edas, pero indic\u00f3 que el funcionario &#8220;ya pidi\u00f3 disculpas&#8221;.<\/p>\n<p>&nbsp;<\/p>\n<p>En cuanto al cargo como delegada que la empleada de Triaca ten\u00eda en el Sindicato de Obreros Mar\u00edtimos Organizados (SOMU), sostuvo que &#8220;la decisi\u00f3n de elegirla para ese lugar dentro del SOMU es un error&#8221; y a\u00f1adi\u00f3 que el ministro &#8220;privilegi\u00f3 la confianza&#8221; para ponerla en ese puesto &#8220;a otras cuestiones&#8221;.<\/p>\n<p>&nbsp;<\/p>\n<p>Para Pe\u00f1a, &#8220;esto tiene que ser un alerta para todos los funcionarios&#8221;, pero agreg\u00f3 que desde el Gobierno sienten que las explicaciones que dio Triaca luego de que trascendiera este hecho &#8220;fueron claras&#8221;.<\/p>\n","protected":false},"excerpt":{"rendered":"<p>&#8220;No invalida su calidad como ministro&#8221;, manifest\u00f3 Pe\u00f1a, en medio del esc\u00e1ndalo por el despido de la ex empleada\u00a0dom\u00e9stica de Triaca &nbsp; &nbsp; &nbsp; &nbsp; &nbsp; El jefe de Gabinete, Marcos Pe\u00f1a, ratific\u00f3 hoy en su puesto al ministro de Trabajo, Jorge Triaca, tras la pol\u00e9mica por el despido de su exempleada dom\u00e9stica, pero reconoci\u00f3 que el funcionario &#8220;cometi\u00f3 un error&#8221; y gener\u00f3 &#8220;un alerta para todos los funcionarios&#8221;. &nbsp; &#8220;Es un error porque nosotros hemos levantado la vara y no queremos que estas cosas sigan pasando&#8221;, sentenci\u00f3 Pe\u00f1a, quien&#8230;<\/p>\n","protected":false},"author":3,"featured_media":22544,"comment_status":"closed","ping_status":"closed","sticky":false,"template":"","format":"standard","meta":[],"categories":[9,18],"tags":[],"_links":{"self":[{"href":"https:\/\/www.actualidadadiario.com\/index.php\/wp-json\/wp\/v2\/posts\/22543"}],"collection":[{"href":"https:\/\/www.actualidadadiario.com\/index.php\/wp-json\/wp\/v2\/posts"}],"about":[{"href":"https:\/\/www.actualidadadiario.com\/index.php\/wp-json\/wp\/v2\/types\/post"}],"author":[{"embeddable":true,"href":"https:\/\/www.actualidadadiario.com\/index.php\/wp-json\/wp\/v2\/users\/3"}],"replies":[{"embeddable":true,"href":"https:\/\/www.actualidadadiario.com\/index.php\/wp-json\/wp\/v2\/comments?post=22543"}],"version-history":[{"count":2,"href":"https:\/\/www.actualidadadiario.com\/index.php\/wp-json\/wp\/v2\/posts\/22543\/revisions"}],"predecessor-version":[{"id":22546,"href":"https:\/\/www.actualidadadiario.com\/index.php\/wp-json\/wp\/v2\/posts\/22543\/revisions\/22546"}],"wp:featuredmedia":[{"embeddable":true,"href":"https:\/\/www.actualidadadiario.com\/index.php\/wp-json\/wp\/v2\/media\/22544"}],"wp:attachment":[{"href":"https:\/\/www.actualidadadiario.com\/index.php\/wp-json\/wp\/v2\/media?parent=22543"}],"wp:term":[{"taxonomy":"category","embeddable":true,"href":"https:\/\/www.actualidadadiario.com\/index.php\/wp-json\/wp\/v2\/categories?post=22543"},{"taxonomy":"post_tag","embeddable":true,"href":"https:\/\/www.actualidadadiario.com\/index.php\/wp-json\/wp\/v2\/tags?post=22543"}],"curies":[{"name":"wp","href":"https:\/\/api.w.org\/{rel}","templated":true}]}}