{"id":22540,"date":"2018-01-20T11:39:02","date_gmt":"2018-01-20T14:39:02","guid":{"rendered":"http:\/\/actualidadadiario.com\/site\/?p=22540"},"modified":"2018-11-06T19:47:41","modified_gmt":"2018-11-06T22:47:41","slug":"analizan-dividir-la-reforma-laboral-en-varios-proyectos-de-ley","status":"publish","type":"post","link":"https:\/\/www.actualidadadiario.com\/index.php\/2018\/01\/20\/analizan-dividir-la-reforma-laboral-en-varios-proyectos-de-ley\/","title":{"rendered":"Analizan dividir la reforma laboral en varios proyectos de ley"},"content":{"rendered":"<p><em><strong>Lo reconoci\u00f3 el jefe de Gabinete, Marcos Pe\u00f1a, despu\u00e9s de que el sindicalismo cegetista le retirara el respaldo a la iniciativa impulsada por el Gobierno<\/strong><\/em><\/p>\n<p>&nbsp;<\/p>\n<p>&nbsp;<\/p>\n<p>&nbsp;<\/p>\n<p>El jefe de Gabinete, Marcos Pe\u00f1a, no descart\u00f3 hoy que las medidas impulsadas en los proyectos de reforma laboral y de la reforma pol\u00edtica sean aprobadas mediante &#8220;varias leyes&#8221;.<\/p>\n<p>&nbsp;<\/p>\n<p>&#8220;No es de vida o muerte que sea una sola ley o varias leyes&#8221;, afirm\u00f3 Pe\u00f1a, quien destac\u00f3 que &#8220;van a haber modificaciones normativas que el Congreso definir\u00e1&#8221;.<\/p>\n<p>&nbsp;<\/p>\n<p>En declaraciones a Radio Mitre, el funcionario dijo que la reforma laboral puede dividirse en &#8220;varias leyes&#8221; pero que &#8220;lo que no podemos aceptar&#8221; es que no haya &#8220;cambios en un sistema laboral injusto y obsoleto&#8221;.<\/p>\n<p>&nbsp;<\/p>\n<p>&#8220;Esta idea del reformismo laboral va m\u00e1s all\u00e1 de una reforma laboral&#8221;, subray\u00f3 Pe\u00f1a, quien sostuvo que sobre esa ley &#8220;si el t\u00edtulo ese evoca otro momento en el que parece que pierden los trabajadores volvamos a la mesa de trabajo para debatirlo&#8221;.<\/p>\n","protected":false},"excerpt":{"rendered":"<p>Lo reconoci\u00f3 el jefe de Gabinete, Marcos Pe\u00f1a, despu\u00e9s de que el sindicalismo cegetista le retirara el respaldo a la iniciativa impulsada por el Gobierno &nbsp; &nbsp; &nbsp; El jefe de Gabinete, Marcos Pe\u00f1a, no descart\u00f3 hoy que las medidas impulsadas en los proyectos de reforma laboral y de la reforma pol\u00edtica sean aprobadas mediante &#8220;varias leyes&#8221;. &nbsp; &#8220;No es de vida o muerte que sea una sola ley o varias leyes&#8221;, afirm\u00f3 Pe\u00f1a, quien destac\u00f3 que &#8220;van a haber modificaciones normativas que el Congreso definir\u00e1&#8221;. &nbsp; En declaraciones a&#8230;<\/p>\n","protected":false},"author":3,"featured_media":22541,"comment_status":"closed","ping_status":"closed","sticky":false,"template":"","format":"standard","meta":[],"categories":[9,18],"tags":[],"_links":{"self":[{"href":"https:\/\/www.actualidadadiario.com\/index.php\/wp-json\/wp\/v2\/posts\/22540"}],"collection":[{"href":"https:\/\/www.actualidadadiario.com\/index.php\/wp-json\/wp\/v2\/posts"}],"about":[{"href":"https:\/\/www.actualidadadiario.com\/index.php\/wp-json\/wp\/v2\/types\/post"}],"author":[{"embeddable":true,"href":"https:\/\/www.actualidadadiario.com\/index.php\/wp-json\/wp\/v2\/users\/3"}],"replies":[{"embeddable":true,"href":"https:\/\/www.actualidadadiario.com\/index.php\/wp-json\/wp\/v2\/comments?post=22540"}],"version-history":[{"count":1,"href":"https:\/\/www.actualidadadiario.com\/index.php\/wp-json\/wp\/v2\/posts\/22540\/revisions"}],"predecessor-version":[{"id":22542,"href":"https:\/\/www.actualidadadiario.com\/index.php\/wp-json\/wp\/v2\/posts\/22540\/revisions\/22542"}],"wp:featuredmedia":[{"embeddable":true,"href":"https:\/\/www.actualidadadiario.com\/index.php\/wp-json\/wp\/v2\/media\/22541"}],"wp:attachment":[{"href":"https:\/\/www.actualidadadiario.com\/index.php\/wp-json\/wp\/v2\/media?parent=22540"}],"wp:term":[{"taxonomy":"category","embeddable":true,"href":"https:\/\/www.actualidadadiario.com\/index.php\/wp-json\/wp\/v2\/categories?post=22540"},{"taxonomy":"post_tag","embeddable":true,"href":"https:\/\/www.actualidadadiario.com\/index.php\/wp-json\/wp\/v2\/tags?post=22540"}],"curies":[{"name":"wp","href":"https:\/\/api.w.org\/{rel}","templated":true}]}}