{"id":22537,"date":"2018-01-20T11:38:17","date_gmt":"2018-01-20T14:38:17","guid":{"rendered":"http:\/\/actualidadadiario.com\/site\/?p=22537"},"modified":"2018-11-06T19:49:10","modified_gmt":"2018-11-06T22:49:10","slug":"el-gobierno-pretende-reducir-un-20-por-ciento-la-planta-de-trabajadores-estatales","status":"publish","type":"post","link":"https:\/\/www.actualidadadiario.com\/index.php\/2018\/01\/20\/el-gobierno-pretende-reducir-un-20-por-ciento-la-planta-de-trabajadores-estatales\/","title":{"rendered":"El Gobierno pretende reducir un 20 por ciento la planta de trabajadores estatales"},"content":{"rendered":"<p><em><strong>Lo anunci\u00f3 el ministro de Modernizaci\u00f3n, al hablar eufem\u00edsticamente de &#8220;cargos pol\u00edticos&#8221;. Las cesant\u00edas masivas comenzar\u00edan en marzo pr\u00f3ximo<\/strong><\/em><\/p>\n<p>&nbsp;<\/p>\n<p>&nbsp;<\/p>\n<p>&nbsp;<\/p>\n<p>Esta semana, trabajadores estatales marcharon en todo el pa\u00eds contra los despidos masivos en el Estado nacional y los que se llevan a cabo en las provincias y numerosos municipios. El argumento para los despidos es que ser\u00edan \u201c\u00f1oquis\u201d o \u201ccargos pol\u00edticos\u201d.<\/p>\n<p>&nbsp;<\/p>\n<p>En efecto, dirigentes gremiales de ATE aventuran para este a\u00f1o una ola de despidos de empleados estatales, en el marco de un ajuste general contra los trabajadores con el que el macrismo busca, por un lado, paliar su d\u00e9ficit y, por otro, avanzar con la reforma laboral y beneficiar a grandes empresas.<\/p>\n<p>&nbsp;<\/p>\n<p>El ministro de Modernizaci\u00f3n de la Naci\u00f3n, Andr\u00e9s Ibarra, ratific\u00f3 esa intenci\u00f3n refiri\u00e9ndose a ella con un eufemismo: reducir la \u201cplanta pol\u00edtica\u201d en el Estado con el objetivo de lograr \u201cuna reducci\u00f3n importante\u201d.<\/p>\n<p>&nbsp;<\/p>\n<p>&#8220;Calculo que una reducci\u00f3n de un 20 por ciento de lo que es la planta pol\u00edtica va a significar una reducci\u00f3n importante, lo que podr\u00edan ser alrededor de 1.000 millones de pesos de ahorro&#8221;, dijo a LN+.<\/p>\n<p>&nbsp;<\/p>\n<p>&#8220;Cuando llegamos hab\u00eda una situaci\u00f3n muy lamentable, que es el mal uso del Estado como un recept\u00e1culo de contratos que no ten\u00edan que ver con una funci\u00f3n espec\u00edfica&#8221;, a\u00f1adi\u00f3 para luego anunciar un \u201cplan de austeridad\u201d que se iniciar\u00eda &#8220;a partir de marzo\u201d.<\/p>\n<p>&nbsp;<\/p>\n<p>En realidad, el plan ya est\u00e1 en curso: recientes despidos en el Senasa, en Fabricaciones Militares y en los medios p\u00fablicos, entre otras dependencias oficiales, auguran que \u2013si depende del macrismo\u2013 el ajuste ser\u00e1 cruento en este 2018.<\/p>\n","protected":false},"excerpt":{"rendered":"<p>Lo anunci\u00f3 el ministro de Modernizaci\u00f3n, al hablar eufem\u00edsticamente de &#8220;cargos pol\u00edticos&#8221;. Las cesant\u00edas masivas comenzar\u00edan en marzo pr\u00f3ximo &nbsp; &nbsp; &nbsp; Esta semana, trabajadores estatales marcharon en todo el pa\u00eds contra los despidos masivos en el Estado nacional y los que se llevan a cabo en las provincias y numerosos municipios. El argumento para los despidos es que ser\u00edan \u201c\u00f1oquis\u201d o \u201ccargos pol\u00edticos\u201d. &nbsp; En efecto, dirigentes gremiales de ATE aventuran para este a\u00f1o una ola de despidos de empleados estatales, en el marco de un ajuste general contra&#8230;<\/p>\n","protected":false},"author":3,"featured_media":22538,"comment_status":"closed","ping_status":"closed","sticky":false,"template":"","format":"standard","meta":[],"categories":[18],"tags":[],"_links":{"self":[{"href":"https:\/\/www.actualidadadiario.com\/index.php\/wp-json\/wp\/v2\/posts\/22537"}],"collection":[{"href":"https:\/\/www.actualidadadiario.com\/index.php\/wp-json\/wp\/v2\/posts"}],"about":[{"href":"https:\/\/www.actualidadadiario.com\/index.php\/wp-json\/wp\/v2\/types\/post"}],"author":[{"embeddable":true,"href":"https:\/\/www.actualidadadiario.com\/index.php\/wp-json\/wp\/v2\/users\/3"}],"replies":[{"embeddable":true,"href":"https:\/\/www.actualidadadiario.com\/index.php\/wp-json\/wp\/v2\/comments?post=22537"}],"version-history":[{"count":1,"href":"https:\/\/www.actualidadadiario.com\/index.php\/wp-json\/wp\/v2\/posts\/22537\/revisions"}],"predecessor-version":[{"id":22539,"href":"https:\/\/www.actualidadadiario.com\/index.php\/wp-json\/wp\/v2\/posts\/22537\/revisions\/22539"}],"wp:featuredmedia":[{"embeddable":true,"href":"https:\/\/www.actualidadadiario.com\/index.php\/wp-json\/wp\/v2\/media\/22538"}],"wp:attachment":[{"href":"https:\/\/www.actualidadadiario.com\/index.php\/wp-json\/wp\/v2\/media?parent=22537"}],"wp:term":[{"taxonomy":"category","embeddable":true,"href":"https:\/\/www.actualidadadiario.com\/index.php\/wp-json\/wp\/v2\/categories?post=22537"},{"taxonomy":"post_tag","embeddable":true,"href":"https:\/\/www.actualidadadiario.com\/index.php\/wp-json\/wp\/v2\/tags?post=22537"}],"curies":[{"name":"wp","href":"https:\/\/api.w.org\/{rel}","templated":true}]}}