{"id":22534,"date":"2018-01-20T11:37:25","date_gmt":"2018-01-20T14:37:25","guid":{"rendered":"http:\/\/actualidadadiario.com\/site\/?p=22534"},"modified":"2018-11-06T19:52:05","modified_gmt":"2018-11-06T22:52:05","slug":"rogelio-frigerio-aseguro-que-no-necesitaran-la-clausula-gatillo-en-las-paritarias","status":"publish","type":"post","link":"https:\/\/www.actualidadadiario.com\/index.php\/2018\/01\/20\/rogelio-frigerio-aseguro-que-no-necesitaran-la-clausula-gatillo-en-las-paritarias\/","title":{"rendered":"Rogelio Frigerio asegur\u00f3 que no necesitar\u00e1n la &#8220;cl\u00e1usula gatillo&#8221; en las paritarias"},"content":{"rendered":"<p><em><strong>El ministro del Interior conf\u00eda en que cumplir\u00e1n la meta de inflaci\u00f3n del 15% para 2018 y pidi\u00f3 &#8220;no enamorarse&#8221; de la cl\u00e1usula gatillo<\/strong><\/em><\/p>\n<p>&nbsp;<\/p>\n<p>&nbsp;<\/p>\n<p>&nbsp;<\/p>\n<p>Rogelio Frigerio consider\u00f3 que en las paritarias de este a\u00f1o no ser\u00e1 necesario incluir la famosa &#8220;cl\u00e1usula gatillo&#8221;. El ministro del Interior confi\u00f3 as\u00ed en que cumplir\u00e1n la meta de inflaci\u00f3n del 15% para 2018, a pesar de los pron\u00f3sticos de los especialistas y del Fondo Monetario Internacional.<\/p>\n<p>&nbsp;<\/p>\n<p>Frigerio se\u00f1al\u00f3 que la denominada &#8220;cl\u00e1usula gatillo&#8221; es &#8220;un buen instrumento del que no hay que enamorarse&#8221;, pero dijo que para las paritarias que se avecinan, no ser\u00e1 necesario utilizarla. En declaraciones al canal TN, el titular de la cartera del Interior explic\u00f3 que tienen &#8220;una pauta inflacionaria revisada&#8221; del 15% para 2018.<\/p>\n<p>&nbsp;<\/p>\n<p>El Gobierno que encabeza Mauricio Macri volvi\u00f3 a defender as\u00ed la pauta inflacionaria prevista para este a\u00f1o como tope de las negociaciones salariales, un l\u00edmite que ya fue rechazado por gremios como el de los docentes, con quienes el oficialismo ya abri\u00f3 la disputa por controlar su paritaria.<\/p>\n<p>&nbsp;<\/p>\n<p>Frigerio pidi\u00f3 que en las negociaciones por las paritarias se tenga en cuenta el objetivo de bajar la inflaci\u00f3n. &#8220;Creemos en las paritarias libres, pero si tenemos una lucha contra la inflaci\u00f3n todos los sectores tienen que actuar en consonancia. Lo l\u00f3gico ser\u00eda que la discusi\u00f3n paritaria tenga en cuenta esto&#8221;, expres\u00f3.<\/p>\n<p>&nbsp;<\/p>\n<p>&#8220;No podremos derrotar a la inflaci\u00f3n si no bajamos el d\u00e9ficit fiscal. Desde 2004 los recursos del Estado fueron mayores a los gastos. Hemos bajado el d\u00e9ficit fiscal con una econom\u00eda creciendo que hace mucho no ocurr\u00eda&#8221;, complet\u00f3.<\/p>\n","protected":false},"excerpt":{"rendered":"<p>El ministro del Interior conf\u00eda en que cumplir\u00e1n la meta de inflaci\u00f3n del 15% para 2018 y pidi\u00f3 &#8220;no enamorarse&#8221; de la cl\u00e1usula gatillo &nbsp; &nbsp; &nbsp; Rogelio Frigerio consider\u00f3 que en las paritarias de este a\u00f1o no ser\u00e1 necesario incluir la famosa &#8220;cl\u00e1usula gatillo&#8221;. El ministro del Interior confi\u00f3 as\u00ed en que cumplir\u00e1n la meta de inflaci\u00f3n del 15% para 2018, a pesar de los pron\u00f3sticos de los especialistas y del Fondo Monetario Internacional. &nbsp; Frigerio se\u00f1al\u00f3 que la denominada &#8220;cl\u00e1usula gatillo&#8221; es &#8220;un buen instrumento del que no&#8230;<\/p>\n","protected":false},"author":3,"featured_media":22535,"comment_status":"closed","ping_status":"closed","sticky":false,"template":"","format":"standard","meta":[],"categories":[18],"tags":[],"_links":{"self":[{"href":"https:\/\/www.actualidadadiario.com\/index.php\/wp-json\/wp\/v2\/posts\/22534"}],"collection":[{"href":"https:\/\/www.actualidadadiario.com\/index.php\/wp-json\/wp\/v2\/posts"}],"about":[{"href":"https:\/\/www.actualidadadiario.com\/index.php\/wp-json\/wp\/v2\/types\/post"}],"author":[{"embeddable":true,"href":"https:\/\/www.actualidadadiario.com\/index.php\/wp-json\/wp\/v2\/users\/3"}],"replies":[{"embeddable":true,"href":"https:\/\/www.actualidadadiario.com\/index.php\/wp-json\/wp\/v2\/comments?post=22534"}],"version-history":[{"count":1,"href":"https:\/\/www.actualidadadiario.com\/index.php\/wp-json\/wp\/v2\/posts\/22534\/revisions"}],"predecessor-version":[{"id":22536,"href":"https:\/\/www.actualidadadiario.com\/index.php\/wp-json\/wp\/v2\/posts\/22534\/revisions\/22536"}],"wp:featuredmedia":[{"embeddable":true,"href":"https:\/\/www.actualidadadiario.com\/index.php\/wp-json\/wp\/v2\/media\/22535"}],"wp:attachment":[{"href":"https:\/\/www.actualidadadiario.com\/index.php\/wp-json\/wp\/v2\/media?parent=22534"}],"wp:term":[{"taxonomy":"category","embeddable":true,"href":"https:\/\/www.actualidadadiario.com\/index.php\/wp-json\/wp\/v2\/categories?post=22534"},{"taxonomy":"post_tag","embeddable":true,"href":"https:\/\/www.actualidadadiario.com\/index.php\/wp-json\/wp\/v2\/tags?post=22534"}],"curies":[{"name":"wp","href":"https:\/\/api.w.org\/{rel}","templated":true}]}}