{"id":22532,"date":"2018-01-20T11:36:31","date_gmt":"2018-01-20T14:36:31","guid":{"rendered":"http:\/\/actualidadadiario.com\/site\/?p=22532"},"modified":"2018-11-06T19:49:54","modified_gmt":"2018-11-06T22:49:54","slug":"finocchiaro-debera-dar-explicaciones-en-el-congreso-por-el-decreto-que-elimina-la-paritaria-nacional","status":"publish","type":"post","link":"https:\/\/www.actualidadadiario.com\/index.php\/2018\/01\/20\/finocchiaro-debera-dar-explicaciones-en-el-congreso-por-el-decreto-que-elimina-la-paritaria-nacional\/","title":{"rendered":"Finocchiaro deber\u00e1 dar explicaciones en el Congreso por el decreto que elimina la paritaria nacional"},"content":{"rendered":"<p><em><strong>Diputados del FpV-PJ convocaron al titular de la cartera de Educaci\u00f3n para detallar los motivos por los cuales firm\u00f3 el pol\u00e9mico DNU. Desde el bloque opositor advirtieron que la medida &#8220;impulsa nuevamente al conflicto a docentes de todo el pa\u00eds&#8221; y criticaron a Macri por &#8220;pretender evitar la negociaci\u00f3n del salario m\u00ednimo que iguala las condiciones de dignidad de maestros de todo el pa\u00eds&#8221;<\/strong><\/em><\/p>\n<p>&nbsp;<\/p>\n<p>&nbsp;<\/p>\n<p>&nbsp;<\/p>\n<p>Diputados del Frente Para la Victoria-PJ citar\u00e1n al ministro de Educaci\u00f3n, Alejandro Finocchiaro, para que d\u00e9 explicaciones ante el Congreso por el decreto que elimin\u00f3 la paritaria nacional docente y recort\u00f3 la participaci\u00f3n de Ctera, el gremio docente mayoritario a nivel nacional.<\/p>\n<p>&nbsp;<\/p>\n<p>Desde el bloque explicaron que el objetivo de la citaci\u00f3n es que el ministro fundamente &#8220;los motivos por los cuales firm\u00f3 el decreto&#8221; y advirtieron que el decreto &#8220;impulsa nuevamente al conflicto a docentes de todo el pa\u00eds&#8221;. En ese sentido, criticaron al presidente Mauricio Macri por &#8220;pretender evitar la negociaci\u00f3n federal del salario m\u00ednimo que iguala las condiciones de dignidad de maestros y profesores de todo el pa\u00eds&#8221; al impedir la paritaria nacional.<\/p>\n<p>&nbsp;<\/p>\n<p>&#8220;Consideramos imprescindible que Finocchiaro explique adem\u00e1s si aplicar\u00e1 la Ley Nacional de Educaci\u00f3n (26.206) y d\u00e9 precisiones acerca de la forma en la que prev\u00e9 aplicar el programa de compensaci\u00f3n salarial teniendo en cuenta que el gobierno evit\u00f3 discriminar en el presupuesto el Programa de Compensaci\u00f3n Salarial (art. 9) que prev\u00e9 la Ley de Financiamiento Educativo (26.075)&#8221;, sostuvieron.<\/p>\n<p>&nbsp;<\/p>\n<p>A trav\u00e9s de un comunicado, los diputados recordaron que el programa se cre\u00f3 para que la Naci\u00f3n aporte recursos a las provincias con menor capacidad de pagar salarios para llegar al m\u00ednimo acordado en la paritaria y as\u00ed evitar \u201clas desigualdades salariales entre las provincias m\u00e1s pobres y las provincias m\u00e1s ricas, adem\u00e1s del \u00e9xodo de maestros en b\u00fasqueda de salarios m\u00e1s dignos dejando zonas carentes de docentes, como ya vivimos en la d\u00e9cada del &#8217;90&#8221;.<\/p>\n","protected":false},"excerpt":{"rendered":"<p>Diputados del FpV-PJ convocaron al titular de la cartera de Educaci\u00f3n para detallar los motivos por los cuales firm\u00f3 el pol\u00e9mico DNU. Desde el bloque opositor advirtieron que la medida &#8220;impulsa nuevamente al conflicto a docentes de todo el pa\u00eds&#8221; y criticaron a Macri por &#8220;pretender evitar la negociaci\u00f3n del salario m\u00ednimo que iguala las condiciones de dignidad de maestros de todo el pa\u00eds&#8221; &nbsp; &nbsp; &nbsp; Diputados del Frente Para la Victoria-PJ citar\u00e1n al ministro de Educaci\u00f3n, Alejandro Finocchiaro, para que d\u00e9 explicaciones ante el Congreso por el decreto&#8230;<\/p>\n","protected":false},"author":3,"featured_media":22464,"comment_status":"closed","ping_status":"closed","sticky":false,"template":"","format":"standard","meta":[],"categories":[2],"tags":[],"_links":{"self":[{"href":"https:\/\/www.actualidadadiario.com\/index.php\/wp-json\/wp\/v2\/posts\/22532"}],"collection":[{"href":"https:\/\/www.actualidadadiario.com\/index.php\/wp-json\/wp\/v2\/posts"}],"about":[{"href":"https:\/\/www.actualidadadiario.com\/index.php\/wp-json\/wp\/v2\/types\/post"}],"author":[{"embeddable":true,"href":"https:\/\/www.actualidadadiario.com\/index.php\/wp-json\/wp\/v2\/users\/3"}],"replies":[{"embeddable":true,"href":"https:\/\/www.actualidadadiario.com\/index.php\/wp-json\/wp\/v2\/comments?post=22532"}],"version-history":[{"count":1,"href":"https:\/\/www.actualidadadiario.com\/index.php\/wp-json\/wp\/v2\/posts\/22532\/revisions"}],"predecessor-version":[{"id":22533,"href":"https:\/\/www.actualidadadiario.com\/index.php\/wp-json\/wp\/v2\/posts\/22532\/revisions\/22533"}],"wp:featuredmedia":[{"embeddable":true,"href":"https:\/\/www.actualidadadiario.com\/index.php\/wp-json\/wp\/v2\/media\/22464"}],"wp:attachment":[{"href":"https:\/\/www.actualidadadiario.com\/index.php\/wp-json\/wp\/v2\/media?parent=22532"}],"wp:term":[{"taxonomy":"category","embeddable":true,"href":"https:\/\/www.actualidadadiario.com\/index.php\/wp-json\/wp\/v2\/categories?post=22532"},{"taxonomy":"post_tag","embeddable":true,"href":"https:\/\/www.actualidadadiario.com\/index.php\/wp-json\/wp\/v2\/tags?post=22532"}],"curies":[{"name":"wp","href":"https:\/\/api.w.org\/{rel}","templated":true}]}}