{"id":22529,"date":"2018-01-20T11:35:46","date_gmt":"2018-01-20T14:35:46","guid":{"rendered":"http:\/\/actualidadadiario.com\/site\/?p=22529"},"modified":"2018-11-06T19:51:06","modified_gmt":"2018-11-06T22:51:06","slug":"macri-respaldo-el-decreto-que-elimino-la-paritaria-nacional-docente-y-saco-a-ctera-de-la-negociacion","status":"publish","type":"post","link":"https:\/\/www.actualidadadiario.com\/index.php\/2018\/01\/20\/macri-respaldo-el-decreto-que-elimino-la-paritaria-nacional-docente-y-saco-a-ctera-de-la-negociacion\/","title":{"rendered":"Macri respald\u00f3 el decreto que elimin\u00f3 la paritaria nacional docente y sac\u00f3 a CTERA de la negociaci\u00f3n"},"content":{"rendered":"<p><em><strong>El Presidente mostr\u00f3 su apoyo al ministro de Educaci\u00f3n en una breve &#8220;reuni\u00f3n de gesti\u00f3n&#8221; seg\u00fan manifestaron desde la secretar\u00eda de Presidencia al tiempo que relativizaron las declaraciones de Roberto Baradel sobre presentar una denuncia en la OIT. Desde la Casa Rosada aseguran que despu\u00e9s de &#8220;lo que pas\u00f3 en diciembre&#8221; Macri &#8220;no firma ning\u00fan decreto sin estar 100% seguro&#8221;<\/strong><\/em><\/p>\n<p>&nbsp;<\/p>\n<p>&nbsp;<\/p>\n<p>&nbsp;<\/p>\n<p>El decretazo que firm\u00f3 el Presidente esta semana para establecer las nuevas pautas en la negociaci\u00f3n de la paritaria docente gener\u00f3 el rechazo de la CTERA y su secretario adjunto Roberto Baradel quien adelant\u00f3 que presentar\u00e1n una denuncia en la Organizaci\u00f3n Internacional del Trabajo por la modificaci\u00f3n en la mesa de negociaci\u00f3n.<\/p>\n<p>&nbsp;<\/p>\n<p>Seg\u00fan el diario La Naci\u00f3n Macri le pregunt\u00f3 a Alejandro Finocchiaro &#8220;\u00bfc\u00f3mo estamos?&#8221;, en relaci\u00f3n al decreto y que el ministro de Educaci\u00f3n solo respondi\u00f3 que se encontraban &#8220;de acuerdo a lo esperado&#8221;. Desde Presidencia aseguran que con este di\u00e1logo el Presidente qued\u00f3 satisfecho y relativiz\u00f3 las repercusiones.<\/p>\n<p>&nbsp;<\/p>\n<p>&#8220;Esto no es un problema, era lo que imaginamos que iban a hacer. A algunos les encanta ir a Ginebra&#8221;, ironizaron fuentes cercanas al ministro que fue ascendido del gabinete de Mar\u00eda Eugenia Vidal para reemplazar a Esteban Bullrich sobre las declaraciones de Roberto Baradel y la CTERA a la que Finochiaro acus\u00f3 de &#8220;kirchnerista&#8221;.<\/p>\n<p>&nbsp;<\/p>\n<p>Desde el equipo del ministro se encargaron de resaltar que el encuentro con Mauricio Macri &#8220;dur\u00f3 30 segundos&#8221; y realizaron una declaraci\u00f3n que muestra las dudas que se generaron en el Presidente cuando amenaz\u00f3 con sacar la reforma previsional por decreto: &#8220;Vos te cre\u00e9s que Macri hubiese firmado un decreto sin estar 100% seguro despu\u00e9s de lo que ocurri\u00f3 en diciembre&#8221;.<\/p>\n<p>&nbsp;<\/p>\n<p>La decisi\u00f3n se da en el marco de la insistencia en poner un techo del 15% a la paritaria 2018 y de sacar la mayor cantidad de los temas de agenda sin pasar por el desgaste del Congreso donde solo recurrir\u00e1 para &#8220;las grandes batallas&#8221; que tiene Macri en su paquete de reformas.<\/p>\n","protected":false},"excerpt":{"rendered":"<p>El Presidente mostr\u00f3 su apoyo al ministro de Educaci\u00f3n en una breve &#8220;reuni\u00f3n de gesti\u00f3n&#8221; seg\u00fan manifestaron desde la secretar\u00eda de Presidencia al tiempo que relativizaron las declaraciones de Roberto Baradel sobre presentar una denuncia en la OIT. Desde la Casa Rosada aseguran que despu\u00e9s de &#8220;lo que pas\u00f3 en diciembre&#8221; Macri &#8220;no firma ning\u00fan decreto sin estar 100% seguro&#8221; &nbsp; &nbsp; &nbsp; El decretazo que firm\u00f3 el Presidente esta semana para establecer las nuevas pautas en la negociaci\u00f3n de la paritaria docente gener\u00f3 el rechazo de la CTERA y&#8230;<\/p>\n","protected":false},"author":3,"featured_media":22530,"comment_status":"closed","ping_status":"closed","sticky":false,"template":"","format":"standard","meta":[],"categories":[2],"tags":[],"_links":{"self":[{"href":"https:\/\/www.actualidadadiario.com\/index.php\/wp-json\/wp\/v2\/posts\/22529"}],"collection":[{"href":"https:\/\/www.actualidadadiario.com\/index.php\/wp-json\/wp\/v2\/posts"}],"about":[{"href":"https:\/\/www.actualidadadiario.com\/index.php\/wp-json\/wp\/v2\/types\/post"}],"author":[{"embeddable":true,"href":"https:\/\/www.actualidadadiario.com\/index.php\/wp-json\/wp\/v2\/users\/3"}],"replies":[{"embeddable":true,"href":"https:\/\/www.actualidadadiario.com\/index.php\/wp-json\/wp\/v2\/comments?post=22529"}],"version-history":[{"count":1,"href":"https:\/\/www.actualidadadiario.com\/index.php\/wp-json\/wp\/v2\/posts\/22529\/revisions"}],"predecessor-version":[{"id":22531,"href":"https:\/\/www.actualidadadiario.com\/index.php\/wp-json\/wp\/v2\/posts\/22529\/revisions\/22531"}],"wp:featuredmedia":[{"embeddable":true,"href":"https:\/\/www.actualidadadiario.com\/index.php\/wp-json\/wp\/v2\/media\/22530"}],"wp:attachment":[{"href":"https:\/\/www.actualidadadiario.com\/index.php\/wp-json\/wp\/v2\/media?parent=22529"}],"wp:term":[{"taxonomy":"category","embeddable":true,"href":"https:\/\/www.actualidadadiario.com\/index.php\/wp-json\/wp\/v2\/categories?post=22529"},{"taxonomy":"post_tag","embeddable":true,"href":"https:\/\/www.actualidadadiario.com\/index.php\/wp-json\/wp\/v2\/tags?post=22529"}],"curies":[{"name":"wp","href":"https:\/\/api.w.org\/{rel}","templated":true}]}}