{"id":22520,"date":"2018-01-20T11:33:08","date_gmt":"2018-01-20T14:33:08","guid":{"rendered":"http:\/\/actualidadadiario.com\/site\/?p=22520"},"modified":"2018-11-06T19:48:33","modified_gmt":"2018-11-06T22:48:33","slug":"denuncian-mas-de-120-despidos-en-el-hospital-posadas-y-anuncian-un-paro","status":"publish","type":"post","link":"https:\/\/www.actualidadadiario.com\/index.php\/2018\/01\/20\/denuncian-mas-de-120-despidos-en-el-hospital-posadas-y-anuncian-un-paro\/","title":{"rendered":"Denuncian m\u00e1s de 120 despidos en el Hospital Posadas y anuncian un paro"},"content":{"rendered":"<p><em><strong>Los trabajadores se manifestaron en contra de la medida estatal y acusaron que no recibieron notificaciones al respecto<\/strong><\/em><\/p>\n<p>&nbsp;<\/p>\n<p>&nbsp;<\/p>\n<p>&nbsp;<\/p>\n<p>En el comienzo de la semana se termin\u00f3 concretando lo que se anunciaba como un rumor y las autoridades del Hospital Posadas determinar el despido de 122 trabajadores ligados al \u00e1rea de enfermer\u00eda sin un previo aviso. Seg\u00fan detallaron, se dieron a conocer listados y los nombres de aquellas personas que no figuraban, no tendr\u00e1n la continuidad de su contrato.<\/p>\n<p>&nbsp;<\/p>\n<p>La Asociaci\u00f3n Sindical de Profesionales de la Salud bonaerense (CICOP) apunt\u00f3 contra el gobierno de Mar\u00eda Eugenia Vidal por esta determinaci\u00f3n, anunciando que es un &#8220;nuevo avance sobre los sectores estatales&#8221;. Este viernes, se realiz\u00f3 una concentraci\u00f3n de los profesionales afectados en la puerta del hospital en el oeste del conurbano.<\/p>\n<p>&nbsp;<\/p>\n<p>All\u00ed tambi\u00e9n se hicieron presentes distintas agrupaciones sociales y pol\u00edticas para respaldar a los despedidos y anunciaron una manifestaci\u00f3n para el d\u00eda martes 23 de enero. &#8220;La situaci\u00f3n fue en su momento llevada a la justicia y se obtuvo un fallo favorable para el personal en primera instancia&#8221;, remarc\u00f3 la agrupaci\u00f3n.<\/p>\n<p>&nbsp;<\/p>\n<p>Dentro de los despedidos, se encuentran personas con m\u00e1s de 15 a\u00f1os de trabajo dentro del Posadas, y en algunos casos al \u00fanico especialista en diferentes sectores, como oncolog\u00eda. &#8220;Me despidieron sin ninguna notificaci\u00f3n, durante un m\u00e9todo macabro. Hace 16 a\u00f1os no firm\u00f3 contrato por que era de renovaci\u00f3n autom\u00e1tica&#8221;, se\u00f1al\u00f3 uno de los afectados.<\/p>\n<p>&nbsp;<\/p>\n<p>Desde distintos sectores opositores salieron al cruce por la medida, entre los que se destaca el papel de los l\u00edderes del Frente de Izquierda, Myriam Bregman y Nicol\u00e1s del Ca\u00f1o, que decidieron contribuir con 30 mil pesos de sus bancadas para ayudar a los afectados. Adem\u00e1s, Mariano Recalde asegur\u00f3 que &#8220;el ajuste y vaciamiento de la instituci\u00f3n es un ataque directo a la salud p\u00fablica&#8221;.<\/p>\n<p>&nbsp;<\/p>\n<p>Las autoridades no se han manifestado al respecto de la situaci\u00f3n ni han salido a brindar una declaraci\u00f3n p\u00fablica sobre los motivos. Ante esto, las agrupaciones se mantienen en la zona reclamando la inmediata reincorporaci\u00f3n de los despedidos.<\/p>\n","protected":false},"excerpt":{"rendered":"<p>Los trabajadores se manifestaron en contra de la medida estatal y acusaron que no recibieron notificaciones al respecto &nbsp; &nbsp; &nbsp; En el comienzo de la semana se termin\u00f3 concretando lo que se anunciaba como un rumor y las autoridades del Hospital Posadas determinar el despido de 122 trabajadores ligados al \u00e1rea de enfermer\u00eda sin un previo aviso. Seg\u00fan detallaron, se dieron a conocer listados y los nombres de aquellas personas que no figuraban, no tendr\u00e1n la continuidad de su contrato. &nbsp; La Asociaci\u00f3n Sindical de Profesionales de la Salud&#8230;<\/p>\n","protected":false},"author":3,"featured_media":22521,"comment_status":"closed","ping_status":"closed","sticky":false,"template":"","format":"standard","meta":[],"categories":[2],"tags":[],"_links":{"self":[{"href":"https:\/\/www.actualidadadiario.com\/index.php\/wp-json\/wp\/v2\/posts\/22520"}],"collection":[{"href":"https:\/\/www.actualidadadiario.com\/index.php\/wp-json\/wp\/v2\/posts"}],"about":[{"href":"https:\/\/www.actualidadadiario.com\/index.php\/wp-json\/wp\/v2\/types\/post"}],"author":[{"embeddable":true,"href":"https:\/\/www.actualidadadiario.com\/index.php\/wp-json\/wp\/v2\/users\/3"}],"replies":[{"embeddable":true,"href":"https:\/\/www.actualidadadiario.com\/index.php\/wp-json\/wp\/v2\/comments?post=22520"}],"version-history":[{"count":1,"href":"https:\/\/www.actualidadadiario.com\/index.php\/wp-json\/wp\/v2\/posts\/22520\/revisions"}],"predecessor-version":[{"id":22522,"href":"https:\/\/www.actualidadadiario.com\/index.php\/wp-json\/wp\/v2\/posts\/22520\/revisions\/22522"}],"wp:featuredmedia":[{"embeddable":true,"href":"https:\/\/www.actualidadadiario.com\/index.php\/wp-json\/wp\/v2\/media\/22521"}],"wp:attachment":[{"href":"https:\/\/www.actualidadadiario.com\/index.php\/wp-json\/wp\/v2\/media?parent=22520"}],"wp:term":[{"taxonomy":"category","embeddable":true,"href":"https:\/\/www.actualidadadiario.com\/index.php\/wp-json\/wp\/v2\/categories?post=22520"},{"taxonomy":"post_tag","embeddable":true,"href":"https:\/\/www.actualidadadiario.com\/index.php\/wp-json\/wp\/v2\/tags?post=22520"}],"curies":[{"name":"wp","href":"https:\/\/api.w.org\/{rel}","templated":true}]}}