{"id":22514,"date":"2018-01-20T11:31:25","date_gmt":"2018-01-20T14:31:25","guid":{"rendered":"http:\/\/actualidadadiario.com\/site\/?p=22514"},"modified":"2018-11-06T19:47:55","modified_gmt":"2018-11-06T22:47:55","slug":"bordet-convocaria-a-los-docentes-despues-del-15-de-febrero","status":"publish","type":"post","link":"https:\/\/www.actualidadadiario.com\/index.php\/2018\/01\/20\/bordet-convocaria-a-los-docentes-despues-del-15-de-febrero\/","title":{"rendered":"Bordet convocar\u00eda a los docentes despu\u00e9s del 15 de febrero"},"content":{"rendered":"<p><em><strong>El gobernador Gustavo Bordet desliz\u00f3 que convocar\u00e1 a los gremios docentes despu\u00e9s de la Asamblea Legislativa, prevista para el 15 de febrero \u00b7 \u201cSiempre estamos dispuestos a abrir canales de di\u00e1logo en busca de acuerdos satisfactorios\u201d, expres\u00f3<\/strong><\/em><\/p>\n<p>&nbsp;<\/p>\n<p>&nbsp;<\/p>\n<p>&nbsp;<\/p>\n<p>El mandatario formul\u00f3 a la prensa estas declaraciones en medio de la pol\u00e9mica suscitada entre los sindicatos y el gobierno nacional luego de la firma de un decreto por parte del presidente Mauricio Macri que, en la pr\u00e1ctica, pone fin a las paritarias del sector que hasta 2016 negoci\u00f3 sus salarios en esta instancia.<\/p>\n<p>&nbsp;<\/p>\n<p>El decreto del Gobierno nacional reglamenta la garant\u00eda autom\u00e1tica que establece el piso salarial de los maestros, que hasta 2016 era convenido en una negociaci\u00f3n paritaria entre el Ministerio de Educaci\u00f3n y los gremios. Ahora ese porcentaje, que siempre fue tomado como marco de referencia para las negociaciones en las provincias, deber\u00e1 ubicarse indefectiblemente un 20 por ciento por encima del valor del salario m\u00ednimo, vital y m\u00f3vil, medida que cancela la discusi\u00f3n.<\/p>\n<p>&nbsp;<\/p>\n<p>Consultado por Canal 9, Bordet declar\u00f3: \u201cHabitualmente las paritarias comienzan en febrero, marzo, despu\u00e9s de la Asamblea Legislativa. Sin dudas estaremos convocando a las paritarias provinciales con todos los sectores, tanto el docente, como el de la administraci\u00f3n central\u201d.<\/p>\n<p>&nbsp;<\/p>\n<p>\u201cSiempre estamos dispuestos a sentarnos, a llegar a las mejores soluciones como todos los a\u00f1os, abriendo canales de di\u00e1logo, escuchando, proponiendo, pero por sobre todo llegando a acuerdos satisfactorios para ambas partes\u201d, agreg\u00f3 el mandatario.<\/p>\n<p>&nbsp;<\/p>\n<p>Bordet aprovech\u00f3 para destacar la pol\u00edtica de ordenamiento que viene desarrollando desde el inicio de su mandato. \u201cVenimos poniendo mucho esfuerzo para transparentar las cuentas p\u00fablicas y que se divulgue cu\u00e1l es el real estado de la situaci\u00f3n en la provincia&#8221;, sostuvo. &#8220;Hemos ido hacia un ordenamiento de las cuentas fiscales que nos ha permitido ir reduciendo sostenidamente el d\u00e9ficit de nuestras cuentas p\u00fablicas. En d\u00e9ficit de caja, hoy tenemos un 29 por ciento menos en 2017 respecto de 2016&#8243;, precis\u00f3.<\/p>\n<p>&nbsp;<\/p>\n<p>M\u00e1s adelante, el gobernador recalc\u00f3: \u201cEsto ha significado que no hemos hecho ning\u00fan ajuste en base a los trabajadores, porque hemos mantenido los acuerdos paritarios, los hemos respetado y tambi\u00e9n no hemos generado despidos&#8221;.<\/p>\n<p>&nbsp;<\/p>\n<p>\u201cLo que s\u00ed se hizo fue que una planta de personal que ven\u00eda creciendo al tres por ciento interanual bajara ese crecimiento al 0,6 por ciento, por lo cual solamente cubrimos los lugares de necesidad, como el caso de salud, educaci\u00f3n y seguridad\u201d, a\u00f1adi\u00f3, public\u00f3 An\u00e1lisis Digital.<\/p>\n<p>&nbsp;<\/p>\n<p>Por \u00faltimo, el mandatario complet\u00f3: &#8220;Hemos reducido de 11 a cinco los ministerios y hemos eliminado m\u00e1s de 50 secretar\u00edas, subsecretar\u00edas y direcciones que generaban un gasto en funcionariado que era importante&#8221;.<\/p>\n","protected":false},"excerpt":{"rendered":"<p>El gobernador Gustavo Bordet desliz\u00f3 que convocar\u00e1 a los gremios docentes despu\u00e9s de la Asamblea Legislativa, prevista para el 15 de febrero \u00b7 \u201cSiempre estamos dispuestos a abrir canales de di\u00e1logo en busca de acuerdos satisfactorios\u201d, expres\u00f3 &nbsp; &nbsp; &nbsp; El mandatario formul\u00f3 a la prensa estas declaraciones en medio de la pol\u00e9mica suscitada entre los sindicatos y el gobierno nacional luego de la firma de un decreto por parte del presidente Mauricio Macri que, en la pr\u00e1ctica, pone fin a las paritarias del sector que hasta 2016 negoci\u00f3 sus&#8230;<\/p>\n","protected":false},"author":3,"featured_media":22515,"comment_status":"closed","ping_status":"closed","sticky":false,"template":"","format":"standard","meta":[],"categories":[9,15],"tags":[],"_links":{"self":[{"href":"https:\/\/www.actualidadadiario.com\/index.php\/wp-json\/wp\/v2\/posts\/22514"}],"collection":[{"href":"https:\/\/www.actualidadadiario.com\/index.php\/wp-json\/wp\/v2\/posts"}],"about":[{"href":"https:\/\/www.actualidadadiario.com\/index.php\/wp-json\/wp\/v2\/types\/post"}],"author":[{"embeddable":true,"href":"https:\/\/www.actualidadadiario.com\/index.php\/wp-json\/wp\/v2\/users\/3"}],"replies":[{"embeddable":true,"href":"https:\/\/www.actualidadadiario.com\/index.php\/wp-json\/wp\/v2\/comments?post=22514"}],"version-history":[{"count":1,"href":"https:\/\/www.actualidadadiario.com\/index.php\/wp-json\/wp\/v2\/posts\/22514\/revisions"}],"predecessor-version":[{"id":22516,"href":"https:\/\/www.actualidadadiario.com\/index.php\/wp-json\/wp\/v2\/posts\/22514\/revisions\/22516"}],"wp:featuredmedia":[{"embeddable":true,"href":"https:\/\/www.actualidadadiario.com\/index.php\/wp-json\/wp\/v2\/media\/22515"}],"wp:attachment":[{"href":"https:\/\/www.actualidadadiario.com\/index.php\/wp-json\/wp\/v2\/media?parent=22514"}],"wp:term":[{"taxonomy":"category","embeddable":true,"href":"https:\/\/www.actualidadadiario.com\/index.php\/wp-json\/wp\/v2\/categories?post=22514"},{"taxonomy":"post_tag","embeddable":true,"href":"https:\/\/www.actualidadadiario.com\/index.php\/wp-json\/wp\/v2\/tags?post=22514"}],"curies":[{"name":"wp","href":"https:\/\/api.w.org\/{rel}","templated":true}]}}