{"id":22511,"date":"2018-01-20T11:30:30","date_gmt":"2018-01-20T14:30:30","guid":{"rendered":"http:\/\/actualidadadiario.com\/site\/?p=22511"},"modified":"2018-11-06T19:47:37","modified_gmt":"2018-11-06T22:47:37","slug":"agmer-repudia-el-decreto-que-permite-embargar-las-cuentas-sueldo","status":"publish","type":"post","link":"https:\/\/www.actualidadadiario.com\/index.php\/2018\/01\/20\/agmer-repudia-el-decreto-que-permite-embargar-las-cuentas-sueldo\/","title":{"rendered":"Agmer repudia el decreto que permite embargar las cuentas sueldo"},"content":{"rendered":"<p><em><strong>Marcelo Pagani, secretario general de Agmer, lament\u00f3 que &#8220;de nuevo se privilegie a los sectores que mejor les va, en desmedro de los trabajadores&#8221;<\/strong><\/em><\/p>\n<p>&nbsp;<\/p>\n<p>&nbsp;<\/p>\n<p>&nbsp;<\/p>\n<p>&#8220;El Gobierno est\u00e1 m\u00e1s preocupado por que el sector financiero pueda hacerse de recursos, que en cuidar el bolsillo de los trabajadores&#8221;, remarc\u00f3 Pagani respecto al decreto N\u00b0 27\/18 que dict\u00f3 el presidente Mauricio Macri y que, entre otras cosas, permite el embargo de las cuentas sueldo para el cobro de pr\u00e9stamos.<\/p>\n<p>&nbsp;<\/p>\n<p>El titular de Agmer cuestion\u00f3 &#8220;la facilidad que da el Gobierno para tocar las cuentas sueldo, que eran intocables&#8221; y lament\u00f3 que &#8220;de nuevo se privilegie a los sectores que mejor les va, en desmedro de los trabajadores&#8221;.<\/p>\n<p>&nbsp;<\/p>\n<p>&#8220;Estamos muy preocupados porque con la inflaci\u00f3n que hemos tenido, la devaluaci\u00f3n que estamos soportando y el aumento de precios, los trabajadores nos estamos endeudando&#8221;, se\u00f1al\u00f3.<\/p>\n<p>&nbsp;<\/p>\n<p>Tras vaticinar que ser\u00e1 &#8220;un 2018 muy dif\u00edcil&#8221;, Pagani se\u00f1al\u00f3 &#8220;un ejemplo clar\u00edsimo&#8221; de las pol\u00edticas de este Gobierno nacional, &#8220;cuando, a trav\u00e9s de la reforma previsional se quita cerca de 100 mil millones de pesos a los jubilados, y a los cuatro, cinco d\u00edas se le baja las retenciones a los pooles de soja&#8221;. All\u00ed se ve claramente que el Gobierno nacional &#8220;favorece la &#8220;transferencia de riqueza de los sectores populares a los sectores privilegiados&#8221;.<\/p>\n<p>&nbsp;<\/p>\n<p>&nbsp;<\/p>\n<p><strong>&#8220;Doble atropello&#8221;<\/strong><\/p>\n<p>Por su parte, la secretaria general de la Seccional Paran\u00e1 de Agmer, Susana Cogno, expres\u00f3 su rechazo a la medida y consider\u00f3 &#8220;una barbaridad que el Estado nacional vuelva a intervenir en el privilegio de las grandes corporaciones&#8221;.<\/p>\n<p>&nbsp;<\/p>\n<p>Se trata de un &#8220;doble atropello&#8221;, porque adem\u00e1s de &#8220;convertir al Estado en un agente m\u00e1s de retenci\u00f3n, esta vez a favor de un externo&#8221;, a la vez &#8220;las financieras no tienen ning\u00fan control por parte del Estado y llevan adelante pr\u00e1cticas usureras&#8221;.<\/p>\n<p>&nbsp;<\/p>\n<p>En ese sentido se pregunt\u00f3: &#8220;\u00bfQui\u00e9n regula todo el ejercicio de la pr\u00e1ctica financiera de estas entidades? Hay un ejercicio ilegal de muchas de estas agencias sobre los sectores m\u00e1s desprotegidos&#8221;.<\/p>\n<p>&nbsp;<\/p>\n<p>Cogno apunt\u00f3 tambi\u00e9n que &#8220;el acceso al cr\u00e9dito es producto de las necesidades que tienen los sectores asalariados&#8221; y que medidas de este tipo &#8220;van en contra de los trabajadores y en funci\u00f3n de la concentraci\u00f3n y de privilegiar a los sectores dominantes de la sociedad&#8221;.<\/p>\n<p>&nbsp;<\/p>\n<p>Por \u00faltimo sostuvo que &#8220;no son pr\u00e1cticas que est\u00e9n destinadas a generar empleo ni a garantizar derechos de los trabajadores, m\u00e1s bien todo lo contrario&#8221;.<\/p>\n","protected":false},"excerpt":{"rendered":"<p>Marcelo Pagani, secretario general de Agmer, lament\u00f3 que &#8220;de nuevo se privilegie a los sectores que mejor les va, en desmedro de los trabajadores&#8221; &nbsp; &nbsp; &nbsp; &#8220;El Gobierno est\u00e1 m\u00e1s preocupado por que el sector financiero pueda hacerse de recursos, que en cuidar el bolsillo de los trabajadores&#8221;, remarc\u00f3 Pagani respecto al decreto N\u00b0 27\/18 que dict\u00f3 el presidente Mauricio Macri y que, entre otras cosas, permite el embargo de las cuentas sueldo para el cobro de pr\u00e9stamos. &nbsp; El titular de Agmer cuestion\u00f3 &#8220;la facilidad que da el&#8230;<\/p>\n","protected":false},"author":3,"featured_media":22512,"comment_status":"closed","ping_status":"closed","sticky":false,"template":"","format":"standard","meta":[],"categories":[15],"tags":[],"_links":{"self":[{"href":"https:\/\/www.actualidadadiario.com\/index.php\/wp-json\/wp\/v2\/posts\/22511"}],"collection":[{"href":"https:\/\/www.actualidadadiario.com\/index.php\/wp-json\/wp\/v2\/posts"}],"about":[{"href":"https:\/\/www.actualidadadiario.com\/index.php\/wp-json\/wp\/v2\/types\/post"}],"author":[{"embeddable":true,"href":"https:\/\/www.actualidadadiario.com\/index.php\/wp-json\/wp\/v2\/users\/3"}],"replies":[{"embeddable":true,"href":"https:\/\/www.actualidadadiario.com\/index.php\/wp-json\/wp\/v2\/comments?post=22511"}],"version-history":[{"count":1,"href":"https:\/\/www.actualidadadiario.com\/index.php\/wp-json\/wp\/v2\/posts\/22511\/revisions"}],"predecessor-version":[{"id":22513,"href":"https:\/\/www.actualidadadiario.com\/index.php\/wp-json\/wp\/v2\/posts\/22511\/revisions\/22513"}],"wp:featuredmedia":[{"embeddable":true,"href":"https:\/\/www.actualidadadiario.com\/index.php\/wp-json\/wp\/v2\/media\/22512"}],"wp:attachment":[{"href":"https:\/\/www.actualidadadiario.com\/index.php\/wp-json\/wp\/v2\/media?parent=22511"}],"wp:term":[{"taxonomy":"category","embeddable":true,"href":"https:\/\/www.actualidadadiario.com\/index.php\/wp-json\/wp\/v2\/categories?post=22511"},{"taxonomy":"post_tag","embeddable":true,"href":"https:\/\/www.actualidadadiario.com\/index.php\/wp-json\/wp\/v2\/tags?post=22511"}],"curies":[{"name":"wp","href":"https:\/\/api.w.org\/{rel}","templated":true}]}}