{"id":22499,"date":"2018-01-20T11:26:42","date_gmt":"2018-01-20T14:26:42","guid":{"rendered":"http:\/\/actualidadadiario.com\/site\/?p=22499"},"modified":"2018-11-06T19:52:15","modified_gmt":"2018-11-06T22:52:15","slug":"se-flexibilizaran-los-plazos-para-la-obtencion-de-la-firma-digital","status":"publish","type":"post","link":"https:\/\/www.actualidadadiario.com\/index.php\/2018\/01\/20\/se-flexibilizaran-los-plazos-para-la-obtencion-de-la-firma-digital\/","title":{"rendered":"Se flexibilizar\u00e1n los plazos para la obtenci\u00f3n de la firma digital"},"content":{"rendered":"<p><em><strong>El Ministerio de Gobierno y Justicia informa que se flexibilizar\u00e1n los plazos para la obligatoriedad del uso de la firma digital, enmarcada en la Ley N\u00b0 10.425 y su decreto reglamentario N\u00b03825\/16 MGJ<\/strong><\/em><\/p>\n<p>&nbsp;<\/p>\n<p>&nbsp;<\/p>\n<p>&nbsp;<\/p>\n<p>Asimismo, se indic\u00f3 que se est\u00e1 trabajando en un plan de implementaci\u00f3n gradual de esta importante herramienta. La operatoria beneficiar\u00e1 a las pymes entrerrianas que tengan trabajadores en relaci\u00f3n de dependencia.<\/p>\n<p>&nbsp;<\/p>\n<p>A partir de una resoluci\u00f3n del Ministerio de Gobierno y Justicia (MGyJ) referida a la implementaci\u00f3n de la Firma Digital para las pymes en la provincia, se comunica que se ampliar\u00e1n los organismos ante los cuales las pymes podr\u00e1n requerirla, m\u00e1s all\u00e1 de las empresas privadas habilitadas a tal fin por la Secretar\u00eda de Trabajo y Seguridad Social.<\/p>\n<p>&nbsp;<\/p>\n<p>Cabe destacar que por Ley N\u00b0 10.425, reglamentada por Decreto N\u00b0 3.825\/16 MGJ, la provincia de Entre R\u00edos adhiri\u00f3 a la instrumentaci\u00f3n y operatividad de la Ley Nacional N\u00b0 25.506 de firma digital y as\u00ed surgi\u00f3 de la normativa provincial la intenci\u00f3n del gobierno de Entre R\u00edos de impulsar pol\u00edticas de modernizaci\u00f3n que agilicen los procesos administrativos y que promuevan el reemplazo del soporte papel por procedimientos electr\u00f3nicos.<\/p>\n<p>&nbsp;<\/p>\n<p>Finalmente, a trav\u00e9s de un trabajo conjunto con la Secretar\u00eda de Modernizaci\u00f3n del Estado, Ciencia y Tecnolog\u00eda, se est\u00e1 desarrollando un plan gradual que contemple las especificidades y particularidades propias de dicho sistema y que contribuir\u00e1 a una mejora de calidad de los sistemas de gesti\u00f3n de la Secretar\u00eda de Trabajo y Seguridad Social, reduciendo los tiempos, costos y mejorando la transparencia.<\/p>\n","protected":false},"excerpt":{"rendered":"<p>El Ministerio de Gobierno y Justicia informa que se flexibilizar\u00e1n los plazos para la obligatoriedad del uso de la firma digital, enmarcada en la Ley N\u00b0 10.425 y su decreto reglamentario N\u00b03825\/16 MGJ &nbsp; &nbsp; &nbsp; Asimismo, se indic\u00f3 que se est\u00e1 trabajando en un plan de implementaci\u00f3n gradual de esta importante herramienta. La operatoria beneficiar\u00e1 a las pymes entrerrianas que tengan trabajadores en relaci\u00f3n de dependencia. &nbsp; A partir de una resoluci\u00f3n del Ministerio de Gobierno y Justicia (MGyJ) referida a la implementaci\u00f3n de la Firma Digital para las&#8230;<\/p>\n","protected":false},"author":3,"featured_media":22500,"comment_status":"closed","ping_status":"closed","sticky":false,"template":"","format":"standard","meta":[],"categories":[15],"tags":[],"_links":{"self":[{"href":"https:\/\/www.actualidadadiario.com\/index.php\/wp-json\/wp\/v2\/posts\/22499"}],"collection":[{"href":"https:\/\/www.actualidadadiario.com\/index.php\/wp-json\/wp\/v2\/posts"}],"about":[{"href":"https:\/\/www.actualidadadiario.com\/index.php\/wp-json\/wp\/v2\/types\/post"}],"author":[{"embeddable":true,"href":"https:\/\/www.actualidadadiario.com\/index.php\/wp-json\/wp\/v2\/users\/3"}],"replies":[{"embeddable":true,"href":"https:\/\/www.actualidadadiario.com\/index.php\/wp-json\/wp\/v2\/comments?post=22499"}],"version-history":[{"count":1,"href":"https:\/\/www.actualidadadiario.com\/index.php\/wp-json\/wp\/v2\/posts\/22499\/revisions"}],"predecessor-version":[{"id":22501,"href":"https:\/\/www.actualidadadiario.com\/index.php\/wp-json\/wp\/v2\/posts\/22499\/revisions\/22501"}],"wp:featuredmedia":[{"embeddable":true,"href":"https:\/\/www.actualidadadiario.com\/index.php\/wp-json\/wp\/v2\/media\/22500"}],"wp:attachment":[{"href":"https:\/\/www.actualidadadiario.com\/index.php\/wp-json\/wp\/v2\/media?parent=22499"}],"wp:term":[{"taxonomy":"category","embeddable":true,"href":"https:\/\/www.actualidadadiario.com\/index.php\/wp-json\/wp\/v2\/categories?post=22499"},{"taxonomy":"post_tag","embeddable":true,"href":"https:\/\/www.actualidadadiario.com\/index.php\/wp-json\/wp\/v2\/tags?post=22499"}],"curies":[{"name":"wp","href":"https:\/\/api.w.org\/{rel}","templated":true}]}}