{"id":22496,"date":"2018-01-18T13:04:59","date_gmt":"2018-01-18T16:04:59","guid":{"rendered":"http:\/\/actualidadadiario.com\/site\/?p=22496"},"modified":"2018-11-06T19:47:16","modified_gmt":"2018-11-06T22:47:16","slug":"hecho-historico-francisco-caso-a-una-pareja-a-bordo-del-avion-en-que-viajaba","status":"publish","type":"post","link":"https:\/\/www.actualidadadiario.com\/index.php\/2018\/01\/18\/hecho-historico-francisco-caso-a-una-pareja-a-bordo-del-avion-en-que-viajaba\/","title":{"rendered":"&#8220;Hecho hist\u00f3rico&#8221;: Francisco cas\u00f3 a una pareja a bordo del avi\u00f3n en que viajaba"},"content":{"rendered":"<p><em><strong>El papa Francisco cas\u00f3 hoy a dos tripulantes del avi\u00f3n Airbus de Latam en el que viaj\u00f3 de Santiago a Iquique, en pleno vuelo a 10.000 metros de altura, lo que el mismo calific\u00f3 como un &#8220;hecho hist\u00f3rico&#8221;<\/strong><\/em><\/p>\n<p>&nbsp;<\/p>\n<p>&nbsp;<\/p>\n<p>&nbsp;<\/p>\n<p>El pont\u00edfice uni\u00f3 en ceremonia religiosa a Carlos Ciuffardi y Paula Podest Ruiz a mitad de camino en el avi\u00f3n en que uni\u00f3 los 1.400 kil\u00f3metros que separan a Santiago de la ciudad del norte de Chile, donde realizar\u00e1 una misa a las 11,30.<\/p>\n<p>&nbsp;<\/p>\n<p>Jorge Bergoglio sorprendi\u00f3 al casar &#8220;por Iglesia&#8221; durante el vuelo a los tripulantes que le hab\u00edan pedido una bendici\u00f3n para el matrimonio civil que hab\u00edan celebrado en 2010.<\/p>\n<p>&nbsp;<\/p>\n<p>En ese entonces debieron cancelar la boda religiosa por el terremoto que azot\u00f3 al pa\u00eds trasandino.<\/p>\n<p>&nbsp;<\/p>\n<p>&#8220;Quieren casarse ahora? Bueno, los caso&#8221;, los sorprendi\u00f3 el Papa cuando le contaron la historia. Francisco estaba en el asiento 1A, la mujer en el 1B y su marido en el 1C.<\/p>\n<p>&nbsp;<\/p>\n<p>&#8220;Ojal\u00e1 esto motive a las parejas del mundo a celebrar este sacramento. Es algo hist\u00f3rico. Por eso lo hago&#8221;, les dijo Francisco, que les avis\u00f3: &#8220;necesito un testigo&#8221;.<\/p>\n<p>&nbsp;<\/p>\n<p>&#8220;En ese momento tuve cerca al due\u00f1o de la empresa (Latam), Ignacio Cueto, que acept\u00f3 ser testigo&#8221;, cont\u00f3 Ciuffardi a los periodistas que viajaban con Francisco a bordo del avi\u00f3n.<\/p>\n","protected":false},"excerpt":{"rendered":"<p>El papa Francisco cas\u00f3 hoy a dos tripulantes del avi\u00f3n Airbus de Latam en el que viaj\u00f3 de Santiago a Iquique, en pleno vuelo a 10.000 metros de altura, lo que el mismo calific\u00f3 como un &#8220;hecho hist\u00f3rico&#8221; &nbsp; &nbsp; &nbsp; El pont\u00edfice uni\u00f3 en ceremonia religiosa a Carlos Ciuffardi y Paula Podest Ruiz a mitad de camino en el avi\u00f3n en que uni\u00f3 los 1.400 kil\u00f3metros que separan a Santiago de la ciudad del norte de Chile, donde realizar\u00e1 una misa a las 11,30. &nbsp; Jorge Bergoglio sorprendi\u00f3 al&#8230;<\/p>\n","protected":false},"author":3,"featured_media":22497,"comment_status":"closed","ping_status":"closed","sticky":false,"template":"","format":"standard","meta":[],"categories":[4],"tags":[],"_links":{"self":[{"href":"https:\/\/www.actualidadadiario.com\/index.php\/wp-json\/wp\/v2\/posts\/22496"}],"collection":[{"href":"https:\/\/www.actualidadadiario.com\/index.php\/wp-json\/wp\/v2\/posts"}],"about":[{"href":"https:\/\/www.actualidadadiario.com\/index.php\/wp-json\/wp\/v2\/types\/post"}],"author":[{"embeddable":true,"href":"https:\/\/www.actualidadadiario.com\/index.php\/wp-json\/wp\/v2\/users\/3"}],"replies":[{"embeddable":true,"href":"https:\/\/www.actualidadadiario.com\/index.php\/wp-json\/wp\/v2\/comments?post=22496"}],"version-history":[{"count":1,"href":"https:\/\/www.actualidadadiario.com\/index.php\/wp-json\/wp\/v2\/posts\/22496\/revisions"}],"predecessor-version":[{"id":22498,"href":"https:\/\/www.actualidadadiario.com\/index.php\/wp-json\/wp\/v2\/posts\/22496\/revisions\/22498"}],"wp:featuredmedia":[{"embeddable":true,"href":"https:\/\/www.actualidadadiario.com\/index.php\/wp-json\/wp\/v2\/media\/22497"}],"wp:attachment":[{"href":"https:\/\/www.actualidadadiario.com\/index.php\/wp-json\/wp\/v2\/media?parent=22496"}],"wp:term":[{"taxonomy":"category","embeddable":true,"href":"https:\/\/www.actualidadadiario.com\/index.php\/wp-json\/wp\/v2\/categories?post=22496"},{"taxonomy":"post_tag","embeddable":true,"href":"https:\/\/www.actualidadadiario.com\/index.php\/wp-json\/wp\/v2\/tags?post=22496"}],"curies":[{"name":"wp","href":"https:\/\/api.w.org\/{rel}","templated":true}]}}