{"id":22493,"date":"2018-01-18T13:04:00","date_gmt":"2018-01-18T16:04:00","guid":{"rendered":"http:\/\/actualidadadiario.com\/site\/?p=22493"},"modified":"2018-11-06T19:48:18","modified_gmt":"2018-11-06T22:48:18","slug":"con-una-misa-en-iquique-francisco-inicia-la-ultima-etapa-de-su-visita-a-chile","status":"publish","type":"post","link":"https:\/\/www.actualidadadiario.com\/index.php\/2018\/01\/18\/con-una-misa-en-iquique-francisco-inicia-la-ultima-etapa-de-su-visita-a-chile\/","title":{"rendered":"Con una misa en Iquique, Francisco inicia la \u00faltima etapa de su visita a Chile"},"content":{"rendered":"<p><strong><em>El avi\u00f3n que transporta al papa Francisco despeg\u00f3 este jueves desde Santiago hacia la ciudad de Iquique, a 1.400 kil\u00f3metros al norte de la capital chilena, para iniciar la \u00faltima etapa de su visita al Estado trasandino, antes de continuar hoy mismo su viaje con rumbo a Per\u00fa<\/em><\/strong><\/p>\n<p>&nbsp;<\/p>\n<p>&nbsp;<\/p>\n<p>&nbsp;<\/p>\n<p>&nbsp;<\/p>\n<p>&#8220;Me voy con un buen recuerdo de ver periodistas que pasan ah\u00ed, de pie, esperando y esperando. Sigan as\u00ed, sirviendo al pueblo&#8221;, se despidi\u00f3 el Papa de los medios en la nunciatura apost\u00f3lica antes de ir al aeropuerto.<\/p>\n<p>&nbsp;<\/p>\n<p>Despu\u00e9s de dos horas de vuelo, el pont\u00edfice celebrar\u00e1 la misa a las 11.30 en el campo Lobito de la ciudad norte\u00f1a, donde se esperan m\u00e1s de 100.000 fieles.<\/p>\n<p>&nbsp;<\/p>\n<p>Con el lema &#8220;celebraci\u00f3n fraterna por la integraci\u00f3n de los pueblos&#8221;, se espera que Francisco realice en su homil\u00eda una fuerte defensa de la inmigraci\u00f3n, en la cuidad con mayor proporci\u00f3n de migrantes del pa\u00eds.<\/p>\n<p>&nbsp;<\/p>\n<p>Tras la celebraci\u00f3n en el campo Lobito, que hosped\u00f3 tres ediciones del Rally Dakar en sus 20 hect\u00e1reas, Francisco almorzar\u00e1 en una casa de retiros local, antes de encontrarse &#8220;cara a cara&#8221; con dos v\u00edctimas de la dictadura chilena.<\/p>\n<p>&nbsp;<\/p>\n<p>Luego de despedirse de las autoridades chilena, el pont\u00edfice volar\u00e1 directamente hacia Lima para, con el lema &#8220;Unidos en la esperanza&#8221;, iniciar\u00e1 una visita hasta el domingo en la que los ejes centrales ser\u00e1n la condena a la corrupci\u00f3n y el encuentro que tendr\u00e1 ma\u00f1ana con los pueblos de la Amazon\u00eda en Puerto Maldonado.<\/p>\n<p>&nbsp;<\/p>\n<p>Francisco aterrizar\u00e1 en Lima a las 17.20 locales de hoy (19.20 de Argentina), y ser\u00e1 recibido en el aeropuerto de esa ciudad capital por el presidente Pedro Pablo Kuczynski, que recibe al Papa en medio de una grave crisis de popularidad por su implicaci\u00f3n en el denominado esc\u00e1ndalo Odebrecht.<\/p>\n","protected":false},"excerpt":{"rendered":"<p>El avi\u00f3n que transporta al papa Francisco despeg\u00f3 este jueves desde Santiago hacia la ciudad de Iquique, a 1.400 kil\u00f3metros al norte de la capital chilena, para iniciar la \u00faltima etapa de su visita al Estado trasandino, antes de continuar hoy mismo su viaje con rumbo a Per\u00fa &nbsp; &nbsp; &nbsp; &nbsp; &#8220;Me voy con un buen recuerdo de ver periodistas que pasan ah\u00ed, de pie, esperando y esperando. Sigan as\u00ed, sirviendo al pueblo&#8221;, se despidi\u00f3 el Papa de los medios en la nunciatura apost\u00f3lica antes de ir al aeropuerto&#8230;.<\/p>\n","protected":false},"author":3,"featured_media":22494,"comment_status":"closed","ping_status":"closed","sticky":false,"template":"","format":"standard","meta":[],"categories":[4],"tags":[],"_links":{"self":[{"href":"https:\/\/www.actualidadadiario.com\/index.php\/wp-json\/wp\/v2\/posts\/22493"}],"collection":[{"href":"https:\/\/www.actualidadadiario.com\/index.php\/wp-json\/wp\/v2\/posts"}],"about":[{"href":"https:\/\/www.actualidadadiario.com\/index.php\/wp-json\/wp\/v2\/types\/post"}],"author":[{"embeddable":true,"href":"https:\/\/www.actualidadadiario.com\/index.php\/wp-json\/wp\/v2\/users\/3"}],"replies":[{"embeddable":true,"href":"https:\/\/www.actualidadadiario.com\/index.php\/wp-json\/wp\/v2\/comments?post=22493"}],"version-history":[{"count":1,"href":"https:\/\/www.actualidadadiario.com\/index.php\/wp-json\/wp\/v2\/posts\/22493\/revisions"}],"predecessor-version":[{"id":22495,"href":"https:\/\/www.actualidadadiario.com\/index.php\/wp-json\/wp\/v2\/posts\/22493\/revisions\/22495"}],"wp:featuredmedia":[{"embeddable":true,"href":"https:\/\/www.actualidadadiario.com\/index.php\/wp-json\/wp\/v2\/media\/22494"}],"wp:attachment":[{"href":"https:\/\/www.actualidadadiario.com\/index.php\/wp-json\/wp\/v2\/media?parent=22493"}],"wp:term":[{"taxonomy":"category","embeddable":true,"href":"https:\/\/www.actualidadadiario.com\/index.php\/wp-json\/wp\/v2\/categories?post=22493"},{"taxonomy":"post_tag","embeddable":true,"href":"https:\/\/www.actualidadadiario.com\/index.php\/wp-json\/wp\/v2\/tags?post=22493"}],"curies":[{"name":"wp","href":"https:\/\/api.w.org\/{rel}","templated":true}]}}