{"id":22484,"date":"2018-01-18T13:01:32","date_gmt":"2018-01-18T16:01:32","guid":{"rendered":"http:\/\/actualidadadiario.com\/site\/?p=22484"},"modified":"2018-11-06T19:48:48","modified_gmt":"2018-11-06T22:48:48","slug":"ecuador-correa-rompe-con-el-partido-que-goberno-durante-10-anos","status":"publish","type":"post","link":"https:\/\/www.actualidadadiario.com\/index.php\/2018\/01\/18\/ecuador-correa-rompe-con-el-partido-que-goberno-durante-10-anos\/","title":{"rendered":"Ecuador: Correa rompe con el partido que gobern\u00f3 durante 10 a\u00f1os"},"content":{"rendered":"<p><em><strong>Enfrentado con Len\u00edn Moreno, su sucesor en el cargo, el expresidente se desvincul\u00f3 de Alianza PA\u00cdS. En febrero, una consulta popular puede dejar a Correa fuera de la carrera por el poder en 2021<\/strong><\/em><\/p>\n<p>&nbsp;<\/p>\n<p>&nbsp;<\/p>\n<p>&nbsp;<\/p>\n<p>Elegir herederos es una tarea compleja en pol\u00edtica. Esta regla de oro se acaba de corroborar en Ecuador. Enfrentado con Len\u00edn Moreno, su sucesor en la presidencia, el exmandatario Rafael Correa se desvincul\u00f3 formalmente del partido Alianza PA\u00cdS, la etiqueta electoral con la que gobern\u00f3 la naci\u00f3n durante 10 a\u00f1os. Crear\u00e1 una nueva fuerza pol\u00edtica para volver a disputar el poder.<\/p>\n<p>&nbsp;<\/p>\n<p>Correa present\u00f3 este martes un escrito ante el \u00f3rgano electoral para confirmar su alejamiento del partido que supo fundar. La decisi\u00f3n llega luego de que la Justicia electoral le diera la raz\u00f3n a la facci\u00f3n que responde al presidente Moreno en una controversia legal por dirimir a qui\u00e9n le correspond\u00eda el control de Alianza PA\u00cdS.<\/p>\n<p>&nbsp;<\/p>\n<p>\u201cA trav\u00e9s de ese tribunal nos han robado el movimiento de Carondelet (sede de la presidencia). Ya no solo son traidores, son ladrones\u201d, denunci\u00f3 Correa, que regres\u00f3 a Ecuador a principios de mes para hacer campa\u00f1a por el \u201cNo\u201d frente a la consulta popular que se celebrar\u00e1 el 4 de febrero respecto a la reelecci\u00f3n indefinida y que podr\u00eda dejarlo fuera de la contienda presidencial del 2021.<\/p>\n<p>&nbsp;<\/p>\n<p>Junto a Correa, se marchar\u00e1n de Alianza PA\u00cdS 28 legisladores, lo cual mellar\u00e1 la influencia de Moreno en la Asamblea nacional. Correa y Moreno se distanciaron apenas se consum\u00f3 la sucesi\u00f3n presidencial. Los corre\u00edstas acusan al actual mandatario de haber traicionado los fundamentos de la llamada Revoluci\u00f3n Ciudadana, para acercarse a un programa de gobierno m\u00e1s t\u00edpicamente conservador.<\/p>\n","protected":false},"excerpt":{"rendered":"<p>Enfrentado con Len\u00edn Moreno, su sucesor en el cargo, el expresidente se desvincul\u00f3 de Alianza PA\u00cdS. En febrero, una consulta popular puede dejar a Correa fuera de la carrera por el poder en 2021 &nbsp; &nbsp; &nbsp; Elegir herederos es una tarea compleja en pol\u00edtica. Esta regla de oro se acaba de corroborar en Ecuador. Enfrentado con Len\u00edn Moreno, su sucesor en la presidencia, el exmandatario Rafael Correa se desvincul\u00f3 formalmente del partido Alianza PA\u00cdS, la etiqueta electoral con la que gobern\u00f3 la naci\u00f3n durante 10 a\u00f1os. Crear\u00e1 una nueva&#8230;<\/p>\n","protected":false},"author":3,"featured_media":22485,"comment_status":"closed","ping_status":"closed","sticky":false,"template":"","format":"standard","meta":[],"categories":[4],"tags":[],"_links":{"self":[{"href":"https:\/\/www.actualidadadiario.com\/index.php\/wp-json\/wp\/v2\/posts\/22484"}],"collection":[{"href":"https:\/\/www.actualidadadiario.com\/index.php\/wp-json\/wp\/v2\/posts"}],"about":[{"href":"https:\/\/www.actualidadadiario.com\/index.php\/wp-json\/wp\/v2\/types\/post"}],"author":[{"embeddable":true,"href":"https:\/\/www.actualidadadiario.com\/index.php\/wp-json\/wp\/v2\/users\/3"}],"replies":[{"embeddable":true,"href":"https:\/\/www.actualidadadiario.com\/index.php\/wp-json\/wp\/v2\/comments?post=22484"}],"version-history":[{"count":1,"href":"https:\/\/www.actualidadadiario.com\/index.php\/wp-json\/wp\/v2\/posts\/22484\/revisions"}],"predecessor-version":[{"id":22486,"href":"https:\/\/www.actualidadadiario.com\/index.php\/wp-json\/wp\/v2\/posts\/22484\/revisions\/22486"}],"wp:featuredmedia":[{"embeddable":true,"href":"https:\/\/www.actualidadadiario.com\/index.php\/wp-json\/wp\/v2\/media\/22485"}],"wp:attachment":[{"href":"https:\/\/www.actualidadadiario.com\/index.php\/wp-json\/wp\/v2\/media?parent=22484"}],"wp:term":[{"taxonomy":"category","embeddable":true,"href":"https:\/\/www.actualidadadiario.com\/index.php\/wp-json\/wp\/v2\/categories?post=22484"},{"taxonomy":"post_tag","embeddable":true,"href":"https:\/\/www.actualidadadiario.com\/index.php\/wp-json\/wp\/v2\/tags?post=22484"}],"curies":[{"name":"wp","href":"https:\/\/api.w.org\/{rel}","templated":true}]}}