{"id":22478,"date":"2018-01-18T12:57:31","date_gmt":"2018-01-18T15:57:31","guid":{"rendered":"http:\/\/actualidadadiario.com\/site\/?p=22478"},"modified":"2018-11-06T19:48:53","modified_gmt":"2018-11-06T22:48:53","slug":"el-cinismo-de-ibarra-ante-el-ajuste-no-estamos-achicando-el-estado-se-esta-refuncionalizando","status":"publish","type":"post","link":"https:\/\/www.actualidadadiario.com\/index.php\/2018\/01\/18\/el-cinismo-de-ibarra-ante-el-ajuste-no-estamos-achicando-el-estado-se-esta-refuncionalizando\/","title":{"rendered":"El cinismo de Ibarra ante el ajuste: &#8220;No estamos achicando el Estado, se est\u00e1 refuncionalizando&#8221;"},"content":{"rendered":"<p><em><strong>En medio de la ola de despidos, el ministro de Modernizaci\u00f3n, Andr\u00e9s Ibarra, \u00e1rea responsable de recortar el empleo p\u00fablico, neg\u00f3 que se est\u00e9 achicando el Estado<\/strong><\/em><\/p>\n<p>&nbsp;<\/p>\n<p>&nbsp;<\/p>\n<p>&nbsp;<\/p>\n<p>El ministro de Modernizaci\u00f3n, Andr\u00e9s Ibarra, asegur\u00f3 que su gesti\u00f3n &#8220;no est\u00e1 achicando el Estado&#8221;, sino que, por el contrario, se est\u00e1 &#8220;refuncionalizando, para que le sirva a la gente&#8221;.<\/p>\n<p>&nbsp;<\/p>\n<p>Ibarra agreg\u00f3: &#8220;No queremos \u00f1oquis en el Estado, no tienen lugar; es una necesidad de la gente, que no quiere pagar impuestos para gente que no trabaja&#8221;.<\/p>\n<p>&nbsp;<\/p>\n<p>En declaraciones al programa &#8220;A Dos Voces&#8221;, por TN, Ibarra sostuvo que desde su cartera se est\u00e1 &#8220;promocionando el desarrollo de la carrera p\u00fablica, para que los argentinos tengan un Estado que est\u00e9 manejando por profesionales, por concurso, basado en el m\u00e9rito, para que funcione adecuadamente&#8221;.<\/p>\n<p>&nbsp;<\/p>\n<p>Ibarra defendi\u00f3 el reciente mega decreto para simplificar tr\u00e1mites, se\u00f1alando que es una herramienta que &#8220;est\u00e1 cambiando una normativa que no ten\u00eda sentido, de hace 50 a\u00f1os, que significaba trabas y cajoneos y costos adicionales para el que tiene que hacer un tr\u00e1mite con el Estado&#8221;.<\/p>\n<p>&nbsp;<\/p>\n<p>Puso de relieve que la tarea que est\u00e1 realizando su ministerio implica un &#8220;abordaje integral del funcionamiento del Estado, no solo se trata del empleo p\u00fablico, sino el funcionamiento&#8221; que incluye &#8220;c\u00f3mo el ciudadano puede tramitar ante el Estado&#8221;.<\/p>\n<p>&nbsp;<\/p>\n<p>Esta tarea implica, agreg\u00f3, &#8220;dar herramientas para el funcionamiento del Estado, genera una carrera p\u00fablica adecuada&#8221; y por otro lado se llev\u00f3 a la pr\u00e1ctica &#8220;el expediente electr\u00f3nico; m\u00e1s de 84 organismos del Estado ya est\u00e1n funcionando con el expediente electr\u00f3nico, lo que implica tres millones de expedientes por v\u00eda digital&#8221;, explic\u00f3.<\/p>\n","protected":false},"excerpt":{"rendered":"<p>En medio de la ola de despidos, el ministro de Modernizaci\u00f3n, Andr\u00e9s Ibarra, \u00e1rea responsable de recortar el empleo p\u00fablico, neg\u00f3 que se est\u00e9 achicando el Estado &nbsp; &nbsp; &nbsp; El ministro de Modernizaci\u00f3n, Andr\u00e9s Ibarra, asegur\u00f3 que su gesti\u00f3n &#8220;no est\u00e1 achicando el Estado&#8221;, sino que, por el contrario, se est\u00e1 &#8220;refuncionalizando, para que le sirva a la gente&#8221;. &nbsp; Ibarra agreg\u00f3: &#8220;No queremos \u00f1oquis en el Estado, no tienen lugar; es una necesidad de la gente, que no quiere pagar impuestos para gente que no trabaja&#8221;. &nbsp; En&#8230;<\/p>\n","protected":false},"author":3,"featured_media":22479,"comment_status":"closed","ping_status":"closed","sticky":false,"template":"","format":"standard","meta":[],"categories":[18],"tags":[],"_links":{"self":[{"href":"https:\/\/www.actualidadadiario.com\/index.php\/wp-json\/wp\/v2\/posts\/22478"}],"collection":[{"href":"https:\/\/www.actualidadadiario.com\/index.php\/wp-json\/wp\/v2\/posts"}],"about":[{"href":"https:\/\/www.actualidadadiario.com\/index.php\/wp-json\/wp\/v2\/types\/post"}],"author":[{"embeddable":true,"href":"https:\/\/www.actualidadadiario.com\/index.php\/wp-json\/wp\/v2\/users\/3"}],"replies":[{"embeddable":true,"href":"https:\/\/www.actualidadadiario.com\/index.php\/wp-json\/wp\/v2\/comments?post=22478"}],"version-history":[{"count":1,"href":"https:\/\/www.actualidadadiario.com\/index.php\/wp-json\/wp\/v2\/posts\/22478\/revisions"}],"predecessor-version":[{"id":22480,"href":"https:\/\/www.actualidadadiario.com\/index.php\/wp-json\/wp\/v2\/posts\/22478\/revisions\/22480"}],"wp:featuredmedia":[{"embeddable":true,"href":"https:\/\/www.actualidadadiario.com\/index.php\/wp-json\/wp\/v2\/media\/22479"}],"wp:attachment":[{"href":"https:\/\/www.actualidadadiario.com\/index.php\/wp-json\/wp\/v2\/media?parent=22478"}],"wp:term":[{"taxonomy":"category","embeddable":true,"href":"https:\/\/www.actualidadadiario.com\/index.php\/wp-json\/wp\/v2\/categories?post=22478"},{"taxonomy":"post_tag","embeddable":true,"href":"https:\/\/www.actualidadadiario.com\/index.php\/wp-json\/wp\/v2\/tags?post=22478"}],"curies":[{"name":"wp","href":"https:\/\/api.w.org\/{rel}","templated":true}]}}