{"id":22475,"date":"2018-01-18T12:56:22","date_gmt":"2018-01-18T15:56:22","guid":{"rendered":"http:\/\/actualidadadiario.com\/site\/?p=22475"},"modified":"2018-11-06T19:48:28","modified_gmt":"2018-11-06T22:48:28","slug":"ctera-en-pie-de-guerra-por-el-decreto-no-van-a-conseguir-que-abandonemos-la-lucha","status":"publish","type":"post","link":"https:\/\/www.actualidadadiario.com\/index.php\/2018\/01\/18\/ctera-en-pie-de-guerra-por-el-decreto-no-van-a-conseguir-que-abandonemos-la-lucha\/","title":{"rendered":"Ctera en pie de guerra por el decreto: &#8220;No van a conseguir que abandonemos la lucha&#8221;"},"content":{"rendered":"<p><em><strong>La Confederaci\u00f3n de Educadores de la Rep\u00fablica Argentina (Ctera) contin\u00faa en pie de guerra con el Gobierno luego de que \u00e9ste diera a conocer el decreto 52\/2018 a trav\u00e9s del cual se modifican las reglas para las negociaciones salariales del sector y desactiva el argumento para convocar a la paritaria nacional<\/strong><\/em><\/p>\n<p>&nbsp;<\/p>\n<p>&nbsp;<\/p>\n<p>&nbsp;<\/p>\n<p>&nbsp;<\/p>\n<p>En ese marco, la titular de la confederaci\u00f3n gremial, Sonia Alesso, dijo que &#8220;los pa\u00edses serios tienen paritarias y respetan los convenios colectivos&#8221;, al tiempo que agreg\u00f3 que van a volver a denunciar a las autoridades nacionales ante la Organizaci\u00f3n Internacional del Trabajo (OIT).<\/p>\n<p>&nbsp;<\/p>\n<p>Alesso sostuvo que van a convocar a un congreso de CTERA para discutir &#8220;las medidas de acci\u00f3n&#8221; y ratific\u00f3 la decisi\u00f3n de trasladar una denuncia contra el Gobierno ante la OIT.<\/p>\n<p>&nbsp;<\/p>\n<p>&#8220;No van a conseguir que CTERA abandone la lucha. Nosotros tenemos una historia peleando, hemos llevado adelante luchas ejemplares&#8221;, afirm\u00f3 la dirigente gremial.<\/p>\n<p>&nbsp;<\/p>\n<p>&#8220;Esto es la violaci\u00f3n de nuestro convenio colectivo de trabajo. No saben c\u00f3mo explicar este mamarracho jur\u00eddico&#8221;, consider\u00f3 respecto del decreto que le quita representatividad a Ctera a la hora de negociar la paritaria docente.<\/p>\n<p>&nbsp;<\/p>\n<p>En tanto, apunt\u00f3 contra el ministro de Educaci\u00f3n al se\u00f1alar que &#8220;ya no sabe c\u00f3mo bastardear la representaci\u00f3n de los trabajadores&#8221;. &#8220;Si no existe una paritaria nacional como dice el ministro, \u00bfpor qu\u00e9 se hace un decreto para derogarla?, cuestion\u00f3 Alesso.<\/p>\n<p>&nbsp;<\/p>\n<p>Cabe recordar que el \u00faltimo mi\u00e9rcoles, la Ctera anunci\u00f3 que llevar\u00e1 el caso a la Organizaci\u00f3n Internacional del Trabajo (OIT), contra el decreto 52\/2018 que cambia la reglamentaci\u00f3n de la Ley de Financiamiento Educativo y licua el poder de la entidad sindical en la paritaria docente.<\/p>\n<p>&nbsp;<\/p>\n<p>&#8220;Desde la Ctera repudiamos y rechazamos firmemente la decisi\u00f3n unilateral y arbitraria del Gobierno Nacional que modifica las condiciones de la Paritaria Nacional Docente, que hab\u00edan sido refrendadas por la Ley 26.075 de Financiamiento Educativo y por el Decreto 457 del a\u00f1o 2007&#8221;, se\u00f1al\u00f3 en un comunicado el mayor sindicato educativo del pa\u00eds.<\/p>\n","protected":false},"excerpt":{"rendered":"<p>La Confederaci\u00f3n de Educadores de la Rep\u00fablica Argentina (Ctera) contin\u00faa en pie de guerra con el Gobierno luego de que \u00e9ste diera a conocer el decreto 52\/2018 a trav\u00e9s del cual se modifican las reglas para las negociaciones salariales del sector y desactiva el argumento para convocar a la paritaria nacional &nbsp; &nbsp; &nbsp; &nbsp; En ese marco, la titular de la confederaci\u00f3n gremial, Sonia Alesso, dijo que &#8220;los pa\u00edses serios tienen paritarias y respetan los convenios colectivos&#8221;, al tiempo que agreg\u00f3 que van a volver a denunciar a las&#8230;<\/p>\n","protected":false},"author":3,"featured_media":22476,"comment_status":"closed","ping_status":"closed","sticky":false,"template":"","format":"standard","meta":[],"categories":[9,18],"tags":[],"_links":{"self":[{"href":"https:\/\/www.actualidadadiario.com\/index.php\/wp-json\/wp\/v2\/posts\/22475"}],"collection":[{"href":"https:\/\/www.actualidadadiario.com\/index.php\/wp-json\/wp\/v2\/posts"}],"about":[{"href":"https:\/\/www.actualidadadiario.com\/index.php\/wp-json\/wp\/v2\/types\/post"}],"author":[{"embeddable":true,"href":"https:\/\/www.actualidadadiario.com\/index.php\/wp-json\/wp\/v2\/users\/3"}],"replies":[{"embeddable":true,"href":"https:\/\/www.actualidadadiario.com\/index.php\/wp-json\/wp\/v2\/comments?post=22475"}],"version-history":[{"count":1,"href":"https:\/\/www.actualidadadiario.com\/index.php\/wp-json\/wp\/v2\/posts\/22475\/revisions"}],"predecessor-version":[{"id":22477,"href":"https:\/\/www.actualidadadiario.com\/index.php\/wp-json\/wp\/v2\/posts\/22475\/revisions\/22477"}],"wp:featuredmedia":[{"embeddable":true,"href":"https:\/\/www.actualidadadiario.com\/index.php\/wp-json\/wp\/v2\/media\/22476"}],"wp:attachment":[{"href":"https:\/\/www.actualidadadiario.com\/index.php\/wp-json\/wp\/v2\/media?parent=22475"}],"wp:term":[{"taxonomy":"category","embeddable":true,"href":"https:\/\/www.actualidadadiario.com\/index.php\/wp-json\/wp\/v2\/categories?post=22475"},{"taxonomy":"post_tag","embeddable":true,"href":"https:\/\/www.actualidadadiario.com\/index.php\/wp-json\/wp\/v2\/tags?post=22475"}],"curies":[{"name":"wp","href":"https:\/\/api.w.org\/{rel}","templated":true}]}}