{"id":22472,"date":"2018-01-18T12:55:31","date_gmt":"2018-01-18T15:55:31","guid":{"rendered":"http:\/\/actualidadadiario.com\/site\/?p=22472"},"modified":"2018-11-06T19:48:24","modified_gmt":"2018-11-06T22:48:24","slug":"cristina-pidio-ir-a-juicio-en-la-causa-por-corrupcion-en-la-obra-publica","status":"publish","type":"post","link":"https:\/\/www.actualidadadiario.com\/index.php\/2018\/01\/18\/cristina-pidio-ir-a-juicio-en-la-causa-por-corrupcion-en-la-obra-publica\/","title":{"rendered":"Cristina pidi\u00f3 ir a juicio en la causa por corrupci\u00f3n en la obra p\u00fablica"},"content":{"rendered":"<p><em><strong>Se lo solicit\u00f3 al juez Ercolini que investiga las obras que otorg\u00f3 a B\u00e1ez. El fiscal Pollicita ya hab\u00eda pedido la elevaci\u00f3n a juicio<\/strong><\/em><\/p>\n<p>&nbsp;<\/p>\n<p>&nbsp;<\/p>\n<p>&nbsp;<\/p>\n<p>La ex presidenta Cristina Kirchner pidi\u00f3 al juez federal Juli\u00e1n Ercolini que la env\u00ede a juicio oral y p\u00fablico por fraude en la obra p\u00fablica al otorgar gran cantidad de proyectos al empresario L\u00e1zaro B\u00e1ez.<\/p>\n<p>&nbsp;<\/p>\n<p>Se eleven las actuaciones al Tribunal Oral previo sorteo de la pr\u00e1ctica requiriendo desde ya que se me notifique de dicho acto a efectos de presenciar el mismo y poder controlar su legalidad&#8221;, sostuvo.<\/p>\n<p>&nbsp;<\/p>\n<p>&#8220;En la pr\u00f3xima instancia procesal se habr\u00e1n de efectuar todos los planteos correspondientes con el prop\u00f3sito de lograr un esclarecimiento definitivo y p\u00fablico de los hechos que, de manera sesgada, arbitraria y contraria a derecho, se relatan en los requerimientos de elevaci\u00f3n a juicio&#8221;, cuestion\u00f3 la exmandataria a trav\u00e9s del escrito presentado por el abogado Carlos Beraldi.<\/p>\n<p>&nbsp;<\/p>\n<p>En la causa Cristina Kirchner est\u00e1 procesada por fraude en la obra p\u00fablica y embargada en 10.000 millones de pesos, y otros 19 imputados van a juicio oral y p\u00fablico, entre ellos, el empresario L\u00e1zaro B\u00e1ez; el detenido Carlos Kirchner; el exministro de Planificaci\u00f3n Federal Julio De Vido; y el exsecretario de Obras P\u00fablicas Jos\u00e9 L\u00f3pez.<\/p>\n<p>&nbsp;<\/p>\n<p>Semanas atr\u00e1s, tanto la fiscal\u00eda a cargo de Gerardo Pollicita como la Oficina Anticorrupci\u00f3n y la Unidad de Informaci\u00f3n Financiera requirieron que la causa pase a juicio y ahora es el turno de opinar de las defensas por si se oponen o no.<\/p>\n<p>&nbsp;<\/p>\n<p>Cristina Kirchner a trav\u00e9s de su abogado dijo que los requerimientos del fiscal y las querellas, &#8220;encierran y consolidan a\u00fan m\u00e1s todos los vicios y arbitrariedades que fueron puntualizados por mi parte a trav\u00e9s de las presentaciones oportunamente deducidas, algunas de las cuales, incluso a\u00fan no han sido resueltas por auto firme&#8221;.<\/p>\n<p>&nbsp;<\/p>\n<p>En ese sentido, anunci\u00f3 el abogado que todos los cuestionamientos contra la acusaci\u00f3n lo har\u00e1 en instancia de juicio oral y p\u00fablico.<\/p>\n<p>&nbsp;<\/p>\n<p>&#8220;Se mont\u00f3 una organizaci\u00f3n criminal orientada a la sustracci\u00f3n de fondos p\u00fablicos por medio de la asignaci\u00f3n discrecional de pr\u00e1cticamente el 80 por ciento de las obras viales adjudicadas en la provincia de Santa Cruz en favor de las empresas de L\u00e1zaro Antonio B\u00e1ez, lo que represent\u00f3 la contrataci\u00f3n del Estado por m\u00e1s de 46 mil millones de pesos&#8221;, sostuvieron los fiscales en el requerimiento de juicio.<\/p>\n<p>&nbsp;<\/p>\n<p>En ese sentido, aseguraron que se trat\u00f3 de una maniobra con una &#8220;estructura coordinada de personas, con divisi\u00f3n de roles y permanencia en el tiempo por m\u00e1s de diez a\u00f1os, que le permiti\u00f3 a sus responsables sustraer de las arcas p\u00fablicas miles de millones de pesos a trav\u00e9s de la obra p\u00fablica vial&#8221;.<\/p>\n<p>&nbsp;<\/p>\n<p>Adem\u00e1s, se\u00f1alaron que los fondos millonarios que eran girados a Valle Mitre, empresa de B\u00e1ez, eran &#8220;remitidos mensualmente como dinero limpio en concepto de canon locativo a los ex presidentes y a sus hijos&#8221; por el alquiler de plazas hoteleras.<\/p>\n<p>&nbsp;<\/p>\n<p>&#8220;Santa Cruz lejos de ser beneficiaria de una leg\u00edtima pol\u00edtica del gobierno federal, fue el escenario escogido para el obrar mancomunado ilegal de un grupo de funcionarios que comandados por los titulares del Poder Ejecutivo Nacional, utilizaron la propia burocracia estatal para proveer los fondos a dicha provincia, para que una vez all\u00ed, llegara a manos de L\u00e1zaro B\u00e1ez&#8221;, subrayaron los fiscales, para la que el 80 por ciento de la obra p\u00fablica en esa provincia qued\u00f3 en poder de ese empresario.<\/p>\n","protected":false},"excerpt":{"rendered":"<p>Se lo solicit\u00f3 al juez Ercolini que investiga las obras que otorg\u00f3 a B\u00e1ez. El fiscal Pollicita ya hab\u00eda pedido la elevaci\u00f3n a juicio &nbsp; &nbsp; &nbsp; La ex presidenta Cristina Kirchner pidi\u00f3 al juez federal Juli\u00e1n Ercolini que la env\u00ede a juicio oral y p\u00fablico por fraude en la obra p\u00fablica al otorgar gran cantidad de proyectos al empresario L\u00e1zaro B\u00e1ez. &nbsp; Se eleven las actuaciones al Tribunal Oral previo sorteo de la pr\u00e1ctica requiriendo desde ya que se me notifique de dicho acto a efectos de presenciar el&#8230;<\/p>\n","protected":false},"author":3,"featured_media":22473,"comment_status":"closed","ping_status":"closed","sticky":false,"template":"","format":"standard","meta":[],"categories":[18],"tags":[],"_links":{"self":[{"href":"https:\/\/www.actualidadadiario.com\/index.php\/wp-json\/wp\/v2\/posts\/22472"}],"collection":[{"href":"https:\/\/www.actualidadadiario.com\/index.php\/wp-json\/wp\/v2\/posts"}],"about":[{"href":"https:\/\/www.actualidadadiario.com\/index.php\/wp-json\/wp\/v2\/types\/post"}],"author":[{"embeddable":true,"href":"https:\/\/www.actualidadadiario.com\/index.php\/wp-json\/wp\/v2\/users\/3"}],"replies":[{"embeddable":true,"href":"https:\/\/www.actualidadadiario.com\/index.php\/wp-json\/wp\/v2\/comments?post=22472"}],"version-history":[{"count":1,"href":"https:\/\/www.actualidadadiario.com\/index.php\/wp-json\/wp\/v2\/posts\/22472\/revisions"}],"predecessor-version":[{"id":22474,"href":"https:\/\/www.actualidadadiario.com\/index.php\/wp-json\/wp\/v2\/posts\/22472\/revisions\/22474"}],"wp:featuredmedia":[{"embeddable":true,"href":"https:\/\/www.actualidadadiario.com\/index.php\/wp-json\/wp\/v2\/media\/22473"}],"wp:attachment":[{"href":"https:\/\/www.actualidadadiario.com\/index.php\/wp-json\/wp\/v2\/media?parent=22472"}],"wp:term":[{"taxonomy":"category","embeddable":true,"href":"https:\/\/www.actualidadadiario.com\/index.php\/wp-json\/wp\/v2\/categories?post=22472"},{"taxonomy":"post_tag","embeddable":true,"href":"https:\/\/www.actualidadadiario.com\/index.php\/wp-json\/wp\/v2\/tags?post=22472"}],"curies":[{"name":"wp","href":"https:\/\/api.w.org\/{rel}","templated":true}]}}