{"id":22466,"date":"2018-01-18T12:53:48","date_gmt":"2018-01-18T15:53:48","guid":{"rendered":"http:\/\/actualidadadiario.com\/site\/?p=22466"},"modified":"2018-11-06T19:52:33","modified_gmt":"2018-11-06T22:52:33","slug":"triaca-se-fue-de-vacaciones-en-medio-del-escandalo-por-el-despido-de-su-empleada","status":"publish","type":"post","link":"https:\/\/www.actualidadadiario.com\/index.php\/2018\/01\/18\/triaca-se-fue-de-vacaciones-en-medio-del-escandalo-por-el-despido-de-su-empleada\/","title":{"rendered":"Triaca se fue de vacaciones en medio del esc\u00e1ndalo por el despido de su empleada"},"content":{"rendered":"<p><em><strong>Tras las denuncias de su ex empleada dom\u00e9stica Sandra Heredia por haber estado en negro durante casi seis a\u00f1os, ayer, el ministro de Trabajo, Jorge Triaca, neg\u00f3 las acusaciones, pidi\u00f3 disculpas por los insultos que le envi\u00f3 tiempo atr\u00e1s a la mujer a trav\u00e9s de un audio de whastapp y se fue de vacaciones<\/strong><\/em><\/p>\n<p>&nbsp;<\/p>\n<p>&nbsp;<\/p>\n<p>&nbsp;<\/p>\n<p>&nbsp;<\/p>\n<p>&#8220;Sandra, no vengas eh. No vengas porque te voy a mandar a la concha de tu madre. \u00a1Sos una pelotuda!&#8221;. Esa fue la frase por la que el jefe de la cartera laboral se disculp\u00f3 durante un reportaje en Radio Mitre, un rato antes de partir hacia sus vacaciones hasta la semana pr\u00f3xima. &#8220;Es cierto que comet\u00ed ese exabrupto en una situaci\u00f3n muy estresante&#8221;, dijo el funcionario para apaciguar las cr\u00edticas. Y detall\u00f3: &#8220;Le hab\u00eda avisado a Sandra, con un d\u00eda de anticipaci\u00f3n, que iba a ir (a la quinta). Como no encontraba mi silla de ruedas tuve ese exabrupto. Despu\u00e9s de eso la encontr\u00e9, le ped\u00ed disculpas y sigui\u00f3 trabajando cuatro meses m\u00e1s&#8221;.<\/p>\n<p>&nbsp;<\/p>\n<p>Triaca refut\u00f3 las declaraciones de Heredia sobre que la mantuvo trabajando en la informalidad desde 2012. Sostuvo que la mujer estaba &#8220;a cargo&#8221; de su hermano Carlos y asegur\u00f3 que &#8220;la ten\u00eda formalizada&#8221;. Desde el ministerio de Trabajo repitieron a BAE Negocios la versi\u00f3n del funcionario y aseguraron que &#8220;est\u00e1n las pruebas de que siempre estuvo registrada&#8221; y &#8220;que iba a recibir todo lo que le correspond\u00eda en relaci\u00f3n a su indemnizaci\u00f3n&#8221;.<\/p>\n<p>&nbsp;<\/p>\n<p>Las recientes denuncias reavivaron el enojo de algunos integrantes del Gabinete con Triaca. Un sector del c\u00edrculo \u00edntimo del presidente Mauricio Macri ven\u00eda cuestionando el rol del ministro en las diversas negociaciones con los sindicatos, en especial con la CGT, m\u00e1s a\u00fan despu\u00e9s de que el triunvirato le quit\u00f3 el apoyo al proyecto de reforma laboral, que el Gobierno nacional considera imprescindible que sea aprobado este a\u00f1o en el Congreso. En lo que s\u00ed hay coincidencia, al menos por tres fuentes de la Casa Rosada, es que las acusaciones de la ex empleada dom\u00e9stica &#8220;no son raz\u00f3n suficiente para pedir la renuncia de Jorgito&#8221;.<\/p>\n<p>&nbsp;<\/p>\n<p>Adem\u00e1s de las cr\u00edticas de propios y ajenos, a Triaca se le sum\u00f3 una denuncia penal por haber designado a Heredia en el Sindicato de Obreros Mar\u00edtimos Organizados (SOMU), tal como la mujer cont\u00f3 y \u00e9l mismo admiti\u00f3. Los abogados del ex titular de ese gremio Omar El Caballo Su\u00e1rez -detenido por supuestos casos de corrupci\u00f3n-, Carlos Broitman y Alejandro Argibay, realizaron la presentaci\u00f3n ante el juez Rodolfo Canicoba Corral, a cargo de la intervenci\u00f3n del sindicato.<\/p>\n","protected":false},"excerpt":{"rendered":"<p>Tras las denuncias de su ex empleada dom\u00e9stica Sandra Heredia por haber estado en negro durante casi seis a\u00f1os, ayer, el ministro de Trabajo, Jorge Triaca, neg\u00f3 las acusaciones, pidi\u00f3 disculpas por los insultos que le envi\u00f3 tiempo atr\u00e1s a la mujer a trav\u00e9s de un audio de whastapp y se fue de vacaciones &nbsp; &nbsp; &nbsp; &nbsp; &#8220;Sandra, no vengas eh. No vengas porque te voy a mandar a la concha de tu madre. \u00a1Sos una pelotuda!&#8221;. Esa fue la frase por la que el jefe de la cartera&#8230;<\/p>\n","protected":false},"author":3,"featured_media":22467,"comment_status":"closed","ping_status":"closed","sticky":false,"template":"","format":"standard","meta":[],"categories":[9,18],"tags":[],"_links":{"self":[{"href":"https:\/\/www.actualidadadiario.com\/index.php\/wp-json\/wp\/v2\/posts\/22466"}],"collection":[{"href":"https:\/\/www.actualidadadiario.com\/index.php\/wp-json\/wp\/v2\/posts"}],"about":[{"href":"https:\/\/www.actualidadadiario.com\/index.php\/wp-json\/wp\/v2\/types\/post"}],"author":[{"embeddable":true,"href":"https:\/\/www.actualidadadiario.com\/index.php\/wp-json\/wp\/v2\/users\/3"}],"replies":[{"embeddable":true,"href":"https:\/\/www.actualidadadiario.com\/index.php\/wp-json\/wp\/v2\/comments?post=22466"}],"version-history":[{"count":1,"href":"https:\/\/www.actualidadadiario.com\/index.php\/wp-json\/wp\/v2\/posts\/22466\/revisions"}],"predecessor-version":[{"id":22468,"href":"https:\/\/www.actualidadadiario.com\/index.php\/wp-json\/wp\/v2\/posts\/22466\/revisions\/22468"}],"wp:featuredmedia":[{"embeddable":true,"href":"https:\/\/www.actualidadadiario.com\/index.php\/wp-json\/wp\/v2\/media\/22467"}],"wp:attachment":[{"href":"https:\/\/www.actualidadadiario.com\/index.php\/wp-json\/wp\/v2\/media?parent=22466"}],"wp:term":[{"taxonomy":"category","embeddable":true,"href":"https:\/\/www.actualidadadiario.com\/index.php\/wp-json\/wp\/v2\/categories?post=22466"},{"taxonomy":"post_tag","embeddable":true,"href":"https:\/\/www.actualidadadiario.com\/index.php\/wp-json\/wp\/v2\/tags?post=22466"}],"curies":[{"name":"wp","href":"https:\/\/api.w.org\/{rel}","templated":true}]}}